{"id":9655,"date":"2021-03-28T13:12:18","date_gmt":"2021-03-28T11:12:18","guid":{"rendered":"https:\/\/www.vadib.de\/?p=9655"},"modified":"2021-03-28T13:16:00","modified_gmt":"2021-03-28T11:16:00","slug":"spanien-probt-die-vier-tage-woche","status":"publish","type":"post","link":"https:\/\/www.vadib.de\/?p=9655","title":{"rendered":"Spanien probt die Vier-Tage-Woche"},"content":{"rendered":"\n<div class=\"wp-block-image\"><figure class=\"alignleft size-large is-resized\"><img decoding=\"async\" src=\"https:\/\/www.vadib.de\/wp-content\/uploads\/2021\/03\/Logo_Tagesschau.png\" alt=\"\" class=\"wp-image-9656\" width=\"120\"\/><\/figure><\/div>\n\n\n\n<p>Das Modell der Vier-Tage-Woche wird viel diskutiert. Bef\u00fcrworter sagen, es steigere Motivation und Leistungsf\u00e4higkeit der Arbeitnehmer. In Spanien startet bald ein Modellprojekt.<\/p>\n\n\n\n<p><a href=\"https:\/\/www.tagesschau.de\/wirtschaft\/weltwirtschaft\/viertagewoche-spanien-test-101.html\" target=\"_blank\" rel=\"noreferrer noopener\">Beitrag lesen und h\u00f6ren<\/a><\/p>\n","protected":false},"excerpt":{"rendered":"<p>Das Modell der Vier-Tage-Woche wird viel diskutiert. Bef\u00fcrworter sagen, es steigere Motivation und Leistungsf\u00e4higkeit der Arbeitnehmer. In Spanien startet bald ein Modellprojekt. Beitrag lesen und h\u00f6ren<\/p>\n","protected":false},"author":1,"featured_media":0,"comment_status":"closed","ping_status":"closed","sticky":false,"template":"","format":"standard","meta":{"footnotes":""},"categories":[1],"tags":[],"class_list":["post-9655","post","type-post","status-publish","format-standard","hentry","category-allgemein"],"_links":{"self":[{"href":"https:\/\/www.vadib.de\/index.php?rest_route=\/wp\/v2\/posts\/9655","targetHints":{"allow":["GET"]}}],"collection":[{"href":"https:\/\/www.vadib.de\/index.php?rest_route=\/wp\/v2\/posts"}],"about":[{"href":"https:\/\/www.vadib.de\/index.php?rest_route=\/wp\/v2\/types\/post"}],"author":[{"embeddable":true,"href":"https:\/\/www.vadib.de\/index.php?rest_route=\/wp\/v2\/users\/1"}],"replies":[{"embeddable":true,"href":"https:\/\/www.vadib.de\/index.php?rest_route=%2Fwp%2Fv2%2Fcomments&post=9655"}],"version-history":[{"count":2,"href":"https:\/\/www.vadib.de\/index.php?rest_route=\/wp\/v2\/posts\/9655\/revisions"}],"predecessor-version":[{"id":9658,"href":"https:\/\/www.vadib.de\/index.php?rest_route=\/wp\/v2\/posts\/9655\/revisions\/9658"}],"wp:attachment":[{"href":"https:\/\/www.vadib.de\/index.php?rest_route=%2Fwp%2Fv2%2Fmedia&parent=9655"}],"wp:term":[{"taxonomy":"category","embeddable":true,"href":"https:\/\/www.vadib.de\/index.php?rest_route=%2Fwp%2Fv2%2Fcategories&post=9655"},{"taxonomy":"post_tag","embeddable":true,"href":"https:\/\/www.vadib.de\/index.php?rest_route=%2Fwp%2Fv2%2Ftags&post=9655"}],"curies":[{"name":"wp","href":"https:\/\/api.w.org\/{rel}","templated":true}]}}