{"id":9653,"date":"2021-03-25T11:53:00","date_gmt":"2021-03-25T10:53:00","guid":{"rendered":"https:\/\/www.vadib.de\/?p=9653"},"modified":"2021-03-26T11:53:36","modified_gmt":"2021-03-26T10:53:36","slug":"zum-modell-der-optionskommunen-bei-jobcentern","status":"publish","type":"post","link":"https:\/\/www.vadib.de\/?p=9653","title":{"rendered":"Zum Modell der Optionskommunen bei Jobcentern"},"content":{"rendered":"\n<div class=\"wp-block-image\"><figure class=\"alignleft size-large is-resized\"><img decoding=\"async\" src=\"https:\/\/www.vadib.de\/wp-content\/uploads\/2021\/03\/Logo_Bundestag-3.png\" alt=\"\" class=\"wp-image-9477\" width=\"160\"\/><\/figure><\/div>\n\n\n\n<p>Die Bundesregierung sieht derzeit keinen Anlass, am Modell der sogenannten Optionskommunen (Jobcenter in Tr\u00e4gerschaft der Kommunen und nicht der Bundesagentur f\u00fcr Arbeit) zu r\u00fctteln. Das schreibt sie in einer Antwort auf eine Kleine Anfrage der FDP-Fraktion.<\/p>\n\n\n\n<p><a href=\"https:\/\/dip21.bundestag.de\/dip21\/btd\/19\/276\/1927611.pdf\">Antwort der Bundesregierung lesen<\/a><\/p>\n","protected":false},"excerpt":{"rendered":"<p>Die Bundesregierung sieht derzeit keinen Anlass, am Modell der sogenannten Optionskommunen (Jobcenter in Tr\u00e4gerschaft der Kommunen und nicht der Bundesagentur f\u00fcr Arbeit) zu r\u00fctteln. Das schreibt sie in einer Antwort auf eine Kleine Anfrage der FDP-Fraktion. Antwort der Bundesregierung lesen<\/p>\n","protected":false},"author":1,"featured_media":0,"comment_status":"closed","ping_status":"closed","sticky":false,"template":"","format":"standard","meta":{"footnotes":""},"categories":[1],"tags":[],"class_list":["post-9653","post","type-post","status-publish","format-standard","hentry","category-allgemein"],"_links":{"self":[{"href":"https:\/\/www.vadib.de\/index.php?rest_route=\/wp\/v2\/posts\/9653","targetHints":{"allow":["GET"]}}],"collection":[{"href":"https:\/\/www.vadib.de\/index.php?rest_route=\/wp\/v2\/posts"}],"about":[{"href":"https:\/\/www.vadib.de\/index.php?rest_route=\/wp\/v2\/types\/post"}],"author":[{"embeddable":true,"href":"https:\/\/www.vadib.de\/index.php?rest_route=\/wp\/v2\/users\/1"}],"replies":[{"embeddable":true,"href":"https:\/\/www.vadib.de\/index.php?rest_route=%2Fwp%2Fv2%2Fcomments&post=9653"}],"version-history":[{"count":1,"href":"https:\/\/www.vadib.de\/index.php?rest_route=\/wp\/v2\/posts\/9653\/revisions"}],"predecessor-version":[{"id":9654,"href":"https:\/\/www.vadib.de\/index.php?rest_route=\/wp\/v2\/posts\/9653\/revisions\/9654"}],"wp:attachment":[{"href":"https:\/\/www.vadib.de\/index.php?rest_route=%2Fwp%2Fv2%2Fmedia&parent=9653"}],"wp:term":[{"taxonomy":"category","embeddable":true,"href":"https:\/\/www.vadib.de\/index.php?rest_route=%2Fwp%2Fv2%2Fcategories&post=9653"},{"taxonomy":"post_tag","embeddable":true,"href":"https:\/\/www.vadib.de\/index.php?rest_route=%2Fwp%2Fv2%2Ftags&post=9653"}],"curies":[{"name":"wp","href":"https:\/\/api.w.org\/{rel}","templated":true}]}}