{"id":9647,"date":"2021-03-26T10:12:00","date_gmt":"2021-03-26T09:12:00","guid":{"rendered":"https:\/\/www.vadib.de\/?p=9647"},"modified":"2021-03-26T12:24:34","modified_gmt":"2021-03-26T11:24:34","slug":"betreuung-von-rehabilitanden-durch-die-bundesagentur-fuer-arbeitin-der-corona-pandemie","status":"publish","type":"post","link":"https:\/\/www.vadib.de\/?p=9647","title":{"rendered":"Betreuung von Rehabilitanden durch die Bundesagentur f\u00fcr Arbeit in der Corona-Pandemie"},"content":{"rendered":"\n<div class=\"wp-block-image\"><figure class=\"alignleft size-large is-resized\"><img decoding=\"async\" src=\"https:\/\/www.vadib.de\/wp-content\/uploads\/2021\/03\/Logo_Bundestag-3.png\" alt=\"\" class=\"wp-image-9477\" width=\"160\"\/><\/figure><\/div>\n\n\n\n<p>Trotz schwierigerer und ver\u00e4nderter Rahmenbedingungen ist es gelungen, f\u00fcr Menschen mit Behinderungen auch w\u00e4hrend der Pandemie ein Informations-, Beratungs- und Ma\u00dfnahmenangebot auf hohem Niveau sicherzustellen und fortzuf\u00fchren. Das betont die Bundesregierung in ihrer Antwort auf eine Kleine Anfrage der FDP-Fraktion.<\/p>\n\n\n\n<p><a href=\"https:\/\/dip21.bundestag.de\/dip21\/btd\/19\/275\/1927576.pdf\">Antwort der Bundesregierung lesen<\/a><\/p>\n","protected":false},"excerpt":{"rendered":"<p>Trotz schwierigerer und ver\u00e4nderter Rahmenbedingungen ist es gelungen, f\u00fcr Menschen mit Behinderungen auch w\u00e4hrend der Pandemie ein Informations-, Beratungs- und Ma\u00dfnahmenangebot auf hohem Niveau sicherzustellen und fortzuf\u00fchren. Das betont die Bundesregierung in ihrer Antwort auf eine Kleine Anfrage der FDP-Fraktion. Antwort der Bundesregierung lesen<\/p>\n","protected":false},"author":1,"featured_media":0,"comment_status":"closed","ping_status":"closed","sticky":false,"template":"","format":"standard","meta":{"footnotes":""},"categories":[1],"tags":[],"class_list":["post-9647","post","type-post","status-publish","format-standard","hentry","category-allgemein"],"_links":{"self":[{"href":"https:\/\/www.vadib.de\/index.php?rest_route=\/wp\/v2\/posts\/9647","targetHints":{"allow":["GET"]}}],"collection":[{"href":"https:\/\/www.vadib.de\/index.php?rest_route=\/wp\/v2\/posts"}],"about":[{"href":"https:\/\/www.vadib.de\/index.php?rest_route=\/wp\/v2\/types\/post"}],"author":[{"embeddable":true,"href":"https:\/\/www.vadib.de\/index.php?rest_route=\/wp\/v2\/users\/1"}],"replies":[{"embeddable":true,"href":"https:\/\/www.vadib.de\/index.php?rest_route=%2Fwp%2Fv2%2Fcomments&post=9647"}],"version-history":[{"count":4,"href":"https:\/\/www.vadib.de\/index.php?rest_route=\/wp\/v2\/posts\/9647\/revisions"}],"predecessor-version":[{"id":9652,"href":"https:\/\/www.vadib.de\/index.php?rest_route=\/wp\/v2\/posts\/9647\/revisions\/9652"}],"wp:attachment":[{"href":"https:\/\/www.vadib.de\/index.php?rest_route=%2Fwp%2Fv2%2Fmedia&parent=9647"}],"wp:term":[{"taxonomy":"category","embeddable":true,"href":"https:\/\/www.vadib.de\/index.php?rest_route=%2Fwp%2Fv2%2Fcategories&post=9647"},{"taxonomy":"post_tag","embeddable":true,"href":"https:\/\/www.vadib.de\/index.php?rest_route=%2Fwp%2Fv2%2Ftags&post=9647"}],"curies":[{"name":"wp","href":"https:\/\/api.w.org\/{rel}","templated":true}]}}