{"id":9645,"date":"2021-03-24T13:47:07","date_gmt":"2021-03-24T12:47:07","guid":{"rendered":"https:\/\/www.vadib.de\/?p=9645"},"modified":"2021-03-24T13:47:07","modified_gmt":"2021-03-24T12:47:07","slug":"arbeitsfoerderung-in-der-krise-fuer-einen-besseren-einstieg","status":"publish","type":"post","link":"https:\/\/www.vadib.de\/?p=9645","title":{"rendered":"Arbeitsf\u00f6rderung in der Krise \u2013 F\u00fcr einen besseren Einstieg"},"content":{"rendered":"\n<div class=\"wp-block-image\"><figure class=\"alignleft size-large is-resized\"><img decoding=\"async\" src=\"https:\/\/www.vadib.de\/wp-content\/uploads\/2021\/03\/Logo_Bundestag-3.png\" alt=\"\" class=\"wp-image-9477\" width=\"160\"\/><\/figure><\/div>\n\n\n\n<p>F\u00fcr einen besseren Einstieg von Erwerbslosen in den Arbeitsmarkt setzt sich die Fraktion B\u00fcndnis 90\/Die Gr\u00fcnen in einem Antrag ein. Vor dem Hintergrund der sich durch die Corona-Krise verschlechternden Situation auf dem Arbeitsmarkt m\u00fcssten sowohl der Berufseinstieg f\u00fcr junge Menschen als auch generell der Wiedereinstieg in Besch\u00e4ftigung neu justiert werden.<\/p>\n\n\n\n<p><a href=\"https:\/\/dip21.bundestag.de\/dip21\/btd\/19\/277\/1927763.pdf\">Antrag lesen<\/a><\/p>\n","protected":false},"excerpt":{"rendered":"<p>F\u00fcr einen besseren Einstieg von Erwerbslosen in den Arbeitsmarkt setzt sich die Fraktion B\u00fcndnis 90\/Die Gr\u00fcnen in einem Antrag ein. Vor dem Hintergrund der sich durch die Corona-Krise verschlechternden Situation auf dem Arbeitsmarkt m\u00fcssten sowohl der Berufseinstieg f\u00fcr junge Menschen als auch generell der Wiedereinstieg in Besch\u00e4ftigung neu justiert werden. Antrag lesen<\/p>\n","protected":false},"author":1,"featured_media":0,"comment_status":"closed","ping_status":"closed","sticky":false,"template":"","format":"standard","meta":{"footnotes":""},"categories":[1],"tags":[],"class_list":["post-9645","post","type-post","status-publish","format-standard","hentry","category-allgemein"],"_links":{"self":[{"href":"https:\/\/www.vadib.de\/index.php?rest_route=\/wp\/v2\/posts\/9645","targetHints":{"allow":["GET"]}}],"collection":[{"href":"https:\/\/www.vadib.de\/index.php?rest_route=\/wp\/v2\/posts"}],"about":[{"href":"https:\/\/www.vadib.de\/index.php?rest_route=\/wp\/v2\/types\/post"}],"author":[{"embeddable":true,"href":"https:\/\/www.vadib.de\/index.php?rest_route=\/wp\/v2\/users\/1"}],"replies":[{"embeddable":true,"href":"https:\/\/www.vadib.de\/index.php?rest_route=%2Fwp%2Fv2%2Fcomments&post=9645"}],"version-history":[{"count":1,"href":"https:\/\/www.vadib.de\/index.php?rest_route=\/wp\/v2\/posts\/9645\/revisions"}],"predecessor-version":[{"id":9646,"href":"https:\/\/www.vadib.de\/index.php?rest_route=\/wp\/v2\/posts\/9645\/revisions\/9646"}],"wp:attachment":[{"href":"https:\/\/www.vadib.de\/index.php?rest_route=%2Fwp%2Fv2%2Fmedia&parent=9645"}],"wp:term":[{"taxonomy":"category","embeddable":true,"href":"https:\/\/www.vadib.de\/index.php?rest_route=%2Fwp%2Fv2%2Fcategories&post=9645"},{"taxonomy":"post_tag","embeddable":true,"href":"https:\/\/www.vadib.de\/index.php?rest_route=%2Fwp%2Fv2%2Ftags&post=9645"}],"curies":[{"name":"wp","href":"https:\/\/api.w.org\/{rel}","templated":true}]}}