{"id":9643,"date":"2021-03-24T10:11:27","date_gmt":"2021-03-24T09:11:27","guid":{"rendered":"https:\/\/www.vadib.de\/?p=9643"},"modified":"2021-03-24T10:11:27","modified_gmt":"2021-03-24T09:11:27","slug":"realloehne-im-jahr-2020-um-11-gegenueber-2019-gesunken","status":"publish","type":"post","link":"https:\/\/www.vadib.de\/?p=9643","title":{"rendered":"Reall\u00f6hne im Jahr 2020 um 1,1 % gegen\u00fcber 2019 gesunken"},"content":{"rendered":"\n<div class=\"wp-block-image\"><figure class=\"alignleft size-large is-resized\"><img decoding=\"async\" src=\"https:\/\/www.vadib.de\/wp-content\/uploads\/2021\/03\/Logo_DESTATIS.png\" alt=\"\" class=\"wp-image-9434\" width=\"100\"\/><\/figure><\/div>\n\n\n\n<p>Erstmals seit Beginn der Erhebung im Jahr 2007 gehen die Nominall\u00f6hne im Jahr 2020 gegen\u00fcber dem Vorjahr zur\u00fcck. Die gesamtwirtschaftliche Lohnentwicklung 2020 war stark durch den vermehrten Einsatz von Kurzarbeit im Zuge der Corona-Krise beeinflusst: Kurzarbeit reduziert die bezahlte Wochenarbeitszeit und damit den Bruttomonatsverdienst.<\/p>\n\n\n\n<p><a href=\"https:\/\/www.destatis.de\/DE\/Presse\/Pressemitteilungen\/2021\/03\/PD21_143_623.html\" target=\"_blank\" rel=\"noreferrer noopener\">Mitteilung lesen<\/a><\/p>\n","protected":false},"excerpt":{"rendered":"<p>Erstmals seit Beginn der Erhebung im Jahr 2007 gehen die Nominall\u00f6hne im Jahr 2020 gegen\u00fcber dem Vorjahr zur\u00fcck. Die gesamtwirtschaftliche Lohnentwicklung 2020 war stark durch den vermehrten Einsatz von Kurzarbeit im Zuge der Corona-Krise beeinflusst: Kurzarbeit reduziert die bezahlte Wochenarbeitszeit und damit den Bruttomonatsverdienst. Mitteilung lesen<\/p>\n","protected":false},"author":1,"featured_media":0,"comment_status":"closed","ping_status":"closed","sticky":false,"template":"","format":"standard","meta":{"footnotes":""},"categories":[1],"tags":[],"class_list":["post-9643","post","type-post","status-publish","format-standard","hentry","category-allgemein"],"_links":{"self":[{"href":"https:\/\/www.vadib.de\/index.php?rest_route=\/wp\/v2\/posts\/9643","targetHints":{"allow":["GET"]}}],"collection":[{"href":"https:\/\/www.vadib.de\/index.php?rest_route=\/wp\/v2\/posts"}],"about":[{"href":"https:\/\/www.vadib.de\/index.php?rest_route=\/wp\/v2\/types\/post"}],"author":[{"embeddable":true,"href":"https:\/\/www.vadib.de\/index.php?rest_route=\/wp\/v2\/users\/1"}],"replies":[{"embeddable":true,"href":"https:\/\/www.vadib.de\/index.php?rest_route=%2Fwp%2Fv2%2Fcomments&post=9643"}],"version-history":[{"count":1,"href":"https:\/\/www.vadib.de\/index.php?rest_route=\/wp\/v2\/posts\/9643\/revisions"}],"predecessor-version":[{"id":9644,"href":"https:\/\/www.vadib.de\/index.php?rest_route=\/wp\/v2\/posts\/9643\/revisions\/9644"}],"wp:attachment":[{"href":"https:\/\/www.vadib.de\/index.php?rest_route=%2Fwp%2Fv2%2Fmedia&parent=9643"}],"wp:term":[{"taxonomy":"category","embeddable":true,"href":"https:\/\/www.vadib.de\/index.php?rest_route=%2Fwp%2Fv2%2Fcategories&post=9643"},{"taxonomy":"post_tag","embeddable":true,"href":"https:\/\/www.vadib.de\/index.php?rest_route=%2Fwp%2Fv2%2Ftags&post=9643"}],"curies":[{"name":"wp","href":"https:\/\/api.w.org\/{rel}","templated":true}]}}