{"id":9633,"date":"2021-03-22T07:30:00","date_gmt":"2021-03-22T06:30:00","guid":{"rendered":"https:\/\/www.vadib.de\/?p=9633"},"modified":"2021-03-22T15:31:16","modified_gmt":"2021-03-22T14:31:16","slug":"kein-anschluss-trotz-abschluss-benachteiligte-jugendliche-am-uebergang-in-ausbildung","status":"publish","type":"post","link":"https:\/\/www.vadib.de\/?p=9633","title":{"rendered":"Kein Anschluss trotz Abschluss?! Benachteiligte Jugendliche am \u00dcbergang in Ausbildung"},"content":{"rendered":"\n<div class=\"wp-block-image\"><figure class=\"alignleft size-large is-resized\"><img decoding=\"async\" src=\"https:\/\/www.vadib.de\/wp-content\/uploads\/2021\/03\/Logo-FIBS.png\" alt=\"\" class=\"wp-image-9634\" width=\"140\" srcset=\"https:\/\/www.vadib.de\/wp-content\/uploads\/2021\/03\/Logo-FIBS.png 557w, https:\/\/www.vadib.de\/wp-content\/uploads\/2021\/03\/Logo-FIBS-300x65.png 300w\" sizes=\"(max-width: 557px) 100vw, 557px\" \/><\/figure><\/div>\n\n\n\n<p>Das FiBS sch\u00e4tzt, dass dieses Jahr nur noch rund 430.000 Ausbildungsvertr\u00e4ge im dualen System unterschrieben werden k\u00f6nnten. Das sind fast 100.000 weniger als noch 2019 und 35.000 weniger als 2020.<\/p>\n\n\n\n<p><a rel=\"noreferrer noopener\" href=\"https:\/\/www.fibs.eu\/referenzen\/publikationen\/publikation\/kein-anschluss-trotz-abschluss-benachteiligte-jugendliche-am-uebergang-in-ausbildung\/\" target=\"_blank\">Mitteilung lesen<\/a><br><a href=\"https:\/\/www.fibs.eu\/fileadmin\/dev\/FiBS-Forum_076_Generation_Corona_210322_final_mit_Deckblatt.pdf\">Studie lesen<\/a><\/p>\n","protected":false},"excerpt":{"rendered":"<p>Das FiBS sch\u00e4tzt, dass dieses Jahr nur noch rund 430.000 Ausbildungsvertr\u00e4ge im dualen System unterschrieben werden k\u00f6nnten. Das sind fast 100.000 weniger als noch 2019 und 35.000 weniger als 2020. Mitteilung lesenStudie lesen<\/p>\n","protected":false},"author":1,"featured_media":0,"comment_status":"closed","ping_status":"closed","sticky":false,"template":"","format":"standard","meta":{"footnotes":""},"categories":[1],"tags":[],"class_list":["post-9633","post","type-post","status-publish","format-standard","hentry","category-allgemein"],"_links":{"self":[{"href":"https:\/\/www.vadib.de\/index.php?rest_route=\/wp\/v2\/posts\/9633","targetHints":{"allow":["GET"]}}],"collection":[{"href":"https:\/\/www.vadib.de\/index.php?rest_route=\/wp\/v2\/posts"}],"about":[{"href":"https:\/\/www.vadib.de\/index.php?rest_route=\/wp\/v2\/types\/post"}],"author":[{"embeddable":true,"href":"https:\/\/www.vadib.de\/index.php?rest_route=\/wp\/v2\/users\/1"}],"replies":[{"embeddable":true,"href":"https:\/\/www.vadib.de\/index.php?rest_route=%2Fwp%2Fv2%2Fcomments&post=9633"}],"version-history":[{"count":1,"href":"https:\/\/www.vadib.de\/index.php?rest_route=\/wp\/v2\/posts\/9633\/revisions"}],"predecessor-version":[{"id":9635,"href":"https:\/\/www.vadib.de\/index.php?rest_route=\/wp\/v2\/posts\/9633\/revisions\/9635"}],"wp:attachment":[{"href":"https:\/\/www.vadib.de\/index.php?rest_route=%2Fwp%2Fv2%2Fmedia&parent=9633"}],"wp:term":[{"taxonomy":"category","embeddable":true,"href":"https:\/\/www.vadib.de\/index.php?rest_route=%2Fwp%2Fv2%2Fcategories&post=9633"},{"taxonomy":"post_tag","embeddable":true,"href":"https:\/\/www.vadib.de\/index.php?rest_route=%2Fwp%2Fv2%2Ftags&post=9633"}],"curies":[{"name":"wp","href":"https:\/\/api.w.org\/{rel}","templated":true}]}}