{"id":9611,"date":"2021-03-19T14:59:12","date_gmt":"2021-03-19T13:59:12","guid":{"rendered":"https:\/\/www.vadib.de\/?p=9611"},"modified":"2021-03-19T14:59:12","modified_gmt":"2021-03-19T13:59:12","slug":"mehr-menschen-in-ausbildung-bringen","status":"publish","type":"post","link":"https:\/\/www.vadib.de\/?p=9611","title":{"rendered":"Mehr Menschen in Ausbildung bringen"},"content":{"rendered":"\n<div class=\"wp-block-image\"><figure class=\"alignleft size-large is-resized\"><img decoding=\"async\" src=\"https:\/\/www.vadib.de\/wp-content\/uploads\/2019\/12\/Logo_Senat.png\" alt=\"\" class=\"wp-image-5888\" width=\"70\"\/><\/figure><\/div>\n\n\n\n<p>Am 18. M\u00e4rz 2021 wurde die neue Vereinbarung &#8222;Ausbildung: innovativ&#8220; als Nachfolge der &#8222;Bremer Vereinbarungen f\u00fcr Ausbildung und Fachkr\u00e4ftesicherung&#8220; zur St\u00e4rkung der Ausbildung im Land Bremen besiegelt.<\/p>\n\n\n\n<p><a href=\"https:\/\/www.senatspressestelle.bremen.de\/sixcms\/detail.php?gsid=bremen146.c.354662.de\" target=\"_blank\" rel=\"noreferrer noopener\">Mitteilung lesen<\/a><\/p>\n","protected":false},"excerpt":{"rendered":"<p>Am 18. M\u00e4rz 2021 wurde die neue Vereinbarung &#8222;Ausbildung: innovativ&#8220; als Nachfolge der &#8222;Bremer Vereinbarungen f\u00fcr Ausbildung und Fachkr\u00e4ftesicherung&#8220; zur St\u00e4rkung der Ausbildung im Land Bremen besiegelt. Mitteilung lesen<\/p>\n","protected":false},"author":1,"featured_media":0,"comment_status":"closed","ping_status":"closed","sticky":false,"template":"","format":"standard","meta":{"footnotes":""},"categories":[1],"tags":[],"class_list":["post-9611","post","type-post","status-publish","format-standard","hentry","category-allgemein"],"_links":{"self":[{"href":"https:\/\/www.vadib.de\/index.php?rest_route=\/wp\/v2\/posts\/9611","targetHints":{"allow":["GET"]}}],"collection":[{"href":"https:\/\/www.vadib.de\/index.php?rest_route=\/wp\/v2\/posts"}],"about":[{"href":"https:\/\/www.vadib.de\/index.php?rest_route=\/wp\/v2\/types\/post"}],"author":[{"embeddable":true,"href":"https:\/\/www.vadib.de\/index.php?rest_route=\/wp\/v2\/users\/1"}],"replies":[{"embeddable":true,"href":"https:\/\/www.vadib.de\/index.php?rest_route=%2Fwp%2Fv2%2Fcomments&post=9611"}],"version-history":[{"count":1,"href":"https:\/\/www.vadib.de\/index.php?rest_route=\/wp\/v2\/posts\/9611\/revisions"}],"predecessor-version":[{"id":9612,"href":"https:\/\/www.vadib.de\/index.php?rest_route=\/wp\/v2\/posts\/9611\/revisions\/9612"}],"wp:attachment":[{"href":"https:\/\/www.vadib.de\/index.php?rest_route=%2Fwp%2Fv2%2Fmedia&parent=9611"}],"wp:term":[{"taxonomy":"category","embeddable":true,"href":"https:\/\/www.vadib.de\/index.php?rest_route=%2Fwp%2Fv2%2Fcategories&post=9611"},{"taxonomy":"post_tag","embeddable":true,"href":"https:\/\/www.vadib.de\/index.php?rest_route=%2Fwp%2Fv2%2Ftags&post=9611"}],"curies":[{"name":"wp","href":"https:\/\/api.w.org\/{rel}","templated":true}]}}