{"id":9598,"date":"2021-03-17T15:32:18","date_gmt":"2021-03-17T14:32:18","guid":{"rendered":"https:\/\/www.vadib.de\/?p=9598"},"modified":"2021-03-17T15:32:18","modified_gmt":"2021-03-17T14:32:18","slug":"eu-kommission-stellt-ziele-fuer-europaeische-saeule-sozialer-rechte-vor","status":"publish","type":"post","link":"https:\/\/www.vadib.de\/?p=9598","title":{"rendered":"EU-Kommission stellt Ziele f\u00fcr Europ\u00e4ische S\u00e4ule Sozialer Rechte vor"},"content":{"rendered":"\n<div class=\"wp-block-image\"><figure class=\"alignleft size-large is-resized\"><img decoding=\"async\" src=\"https:\/\/www.vadib.de\/wp-content\/uploads\/2021\/03\/Logo_EU_Kommission.png\" alt=\"\" class=\"wp-image-9599\" width=\"100\"\/><\/figure><\/div>\n\n\n\n<p>In diesem Aktionsplan werden Kernziele f\u00fcr die EU in den Bereichen Besch\u00e4ftigung, Kompetenzen und Sozialschutz vorgeschlagen, die bis 2030 erreicht werden sollen.<\/p>\n\n\n\n<p><a href=\"https:\/\/dgbmailing.elaine-asp.de\/go\/baeyt4cgjg33vyezo3ijjz3avysa66mzob9c0goo85kp\/1982\">Aktionsplan lesen<\/a><\/p>\n","protected":false},"excerpt":{"rendered":"<p>In diesem Aktionsplan werden Kernziele f\u00fcr die EU in den Bereichen Besch\u00e4ftigung, Kompetenzen und Sozialschutz vorgeschlagen, die bis 2030 erreicht werden sollen. Aktionsplan lesen<\/p>\n","protected":false},"author":1,"featured_media":0,"comment_status":"closed","ping_status":"closed","sticky":false,"template":"","format":"standard","meta":{"footnotes":""},"categories":[1],"tags":[],"class_list":["post-9598","post","type-post","status-publish","format-standard","hentry","category-allgemein"],"_links":{"self":[{"href":"https:\/\/www.vadib.de\/index.php?rest_route=\/wp\/v2\/posts\/9598","targetHints":{"allow":["GET"]}}],"collection":[{"href":"https:\/\/www.vadib.de\/index.php?rest_route=\/wp\/v2\/posts"}],"about":[{"href":"https:\/\/www.vadib.de\/index.php?rest_route=\/wp\/v2\/types\/post"}],"author":[{"embeddable":true,"href":"https:\/\/www.vadib.de\/index.php?rest_route=\/wp\/v2\/users\/1"}],"replies":[{"embeddable":true,"href":"https:\/\/www.vadib.de\/index.php?rest_route=%2Fwp%2Fv2%2Fcomments&post=9598"}],"version-history":[{"count":3,"href":"https:\/\/www.vadib.de\/index.php?rest_route=\/wp\/v2\/posts\/9598\/revisions"}],"predecessor-version":[{"id":9602,"href":"https:\/\/www.vadib.de\/index.php?rest_route=\/wp\/v2\/posts\/9598\/revisions\/9602"}],"wp:attachment":[{"href":"https:\/\/www.vadib.de\/index.php?rest_route=%2Fwp%2Fv2%2Fmedia&parent=9598"}],"wp:term":[{"taxonomy":"category","embeddable":true,"href":"https:\/\/www.vadib.de\/index.php?rest_route=%2Fwp%2Fv2%2Fcategories&post=9598"},{"taxonomy":"post_tag","embeddable":true,"href":"https:\/\/www.vadib.de\/index.php?rest_route=%2Fwp%2Fv2%2Ftags&post=9598"}],"curies":[{"name":"wp","href":"https:\/\/api.w.org\/{rel}","templated":true}]}}