{"id":9595,"date":"2021-03-17T14:06:23","date_gmt":"2021-03-17T13:06:23","guid":{"rendered":"https:\/\/www.vadib.de\/?p=9595"},"modified":"2021-03-17T14:06:23","modified_gmt":"2021-03-17T13:06:23","slug":"breiterer-schutzschirm-fuer-ausbildungsplaetze","status":"publish","type":"post","link":"https:\/\/www.vadib.de\/?p=9595","title":{"rendered":"Breiterer Schutzschirm f\u00fcr Ausbildungspl\u00e4tze"},"content":{"rendered":"\n<div class=\"wp-block-image\"><figure class=\"alignleft size-large is-resized\"><img decoding=\"async\" src=\"https:\/\/www.vadib.de\/wp-content\/uploads\/2020\/02\/Logo_BMBF.png\" alt=\"\" class=\"wp-image-6500\" width=\"140\"\/><\/figure><\/div>\n\n\n\n<p>as Bundeskabinett hat heute die Verl\u00e4ngerung und Weiterentwicklung des Bundesprogramms \u201eAusbildungspl\u00e4tze sichern\u201c gebilligt. Ziel ist es, die betriebliche Berufsausbildung zu stabilisieren und zu st\u00e4rken. Ausbildungs- und \u00dcbernahmepr\u00e4mien werden verdoppelt.<\/p>\n\n\n\n<p><a href=\"https:\/\/www.bmbf.de\/de\/breiterer-schutzschirm-fuer-ausbildungsplaetze-13994.html\" target=\"_blank\" rel=\"noreferrer noopener\">Mitteilung lesen<\/a><\/p>\n","protected":false},"excerpt":{"rendered":"<p>as Bundeskabinett hat heute die Verl\u00e4ngerung und Weiterentwicklung des Bundesprogramms \u201eAusbildungspl\u00e4tze sichern\u201c gebilligt. Ziel ist es, die betriebliche Berufsausbildung zu stabilisieren und zu st\u00e4rken. Ausbildungs- und \u00dcbernahmepr\u00e4mien werden verdoppelt. Mitteilung lesen<\/p>\n","protected":false},"author":1,"featured_media":0,"comment_status":"closed","ping_status":"closed","sticky":false,"template":"","format":"standard","meta":{"footnotes":""},"categories":[1],"tags":[],"class_list":["post-9595","post","type-post","status-publish","format-standard","hentry","category-allgemein"],"_links":{"self":[{"href":"https:\/\/www.vadib.de\/index.php?rest_route=\/wp\/v2\/posts\/9595","targetHints":{"allow":["GET"]}}],"collection":[{"href":"https:\/\/www.vadib.de\/index.php?rest_route=\/wp\/v2\/posts"}],"about":[{"href":"https:\/\/www.vadib.de\/index.php?rest_route=\/wp\/v2\/types\/post"}],"author":[{"embeddable":true,"href":"https:\/\/www.vadib.de\/index.php?rest_route=\/wp\/v2\/users\/1"}],"replies":[{"embeddable":true,"href":"https:\/\/www.vadib.de\/index.php?rest_route=%2Fwp%2Fv2%2Fcomments&post=9595"}],"version-history":[{"count":2,"href":"https:\/\/www.vadib.de\/index.php?rest_route=\/wp\/v2\/posts\/9595\/revisions"}],"predecessor-version":[{"id":9597,"href":"https:\/\/www.vadib.de\/index.php?rest_route=\/wp\/v2\/posts\/9595\/revisions\/9597"}],"wp:attachment":[{"href":"https:\/\/www.vadib.de\/index.php?rest_route=%2Fwp%2Fv2%2Fmedia&parent=9595"}],"wp:term":[{"taxonomy":"category","embeddable":true,"href":"https:\/\/www.vadib.de\/index.php?rest_route=%2Fwp%2Fv2%2Fcategories&post=9595"},{"taxonomy":"post_tag","embeddable":true,"href":"https:\/\/www.vadib.de\/index.php?rest_route=%2Fwp%2Fv2%2Ftags&post=9595"}],"curies":[{"name":"wp","href":"https:\/\/api.w.org\/{rel}","templated":true}]}}