{"id":9553,"date":"2021-03-13T13:03:33","date_gmt":"2021-03-13T12:03:33","guid":{"rendered":"https:\/\/www.vadib.de\/?p=9553"},"modified":"2021-03-13T13:03:33","modified_gmt":"2021-03-13T12:03:33","slug":"ein-jahr-corona-bilanz-und-perspektiven-fuer-den-arbeitsmarkt","status":"publish","type":"post","link":"https:\/\/www.vadib.de\/?p=9553","title":{"rendered":"Ein Jahr Corona \u2013 Bilanz und Perspektiven f\u00fcr den Arbeitsmarkt"},"content":{"rendered":"\n<div class=\"wp-block-image\"><figure class=\"alignleft size-large is-resized\"><img decoding=\"async\" src=\"https:\/\/www.vadib.de\/wp-content\/uploads\/2018\/10\/Logo_Bundesagentur.png\" alt=\"\" class=\"wp-image-2413\" width=\"140\"\/><\/figure><\/div>\n\n\n\n<p>Seit einem Jahr lebt Deutschland mit der Corona-Pandemie. Aus diesem Anlass ziehen der Bundesarbeitsminister f\u00fcr Arbeit und Soziales, Hubertus Heil, und der Vorstandsvorsitzende der Bundesagentur f\u00fcr Arbeit, Detlef Scheele, eine Bilanz des vergangenen Jahres und benennen Perspektiven f\u00fcr den Arbeitsmarkt.<\/p>\n\n\n\n<p><a href=\"https:\/\/www.arbeitsagentur.de\/presse\/2021-09-ein-jahr-corona-bilanz-und-perspektiven-fuer-den-arbeitsmarkt\" target=\"_blank\" rel=\"noreferrer noopener\">Mittelung lesen<\/a><\/p>\n","protected":false},"excerpt":{"rendered":"<p>Seit einem Jahr lebt Deutschland mit der Corona-Pandemie. Aus diesem Anlass ziehen der Bundesarbeitsminister f\u00fcr Arbeit und Soziales, Hubertus Heil, und der Vorstandsvorsitzende der Bundesagentur f\u00fcr Arbeit, Detlef Scheele, eine Bilanz des vergangenen Jahres und benennen Perspektiven f\u00fcr den Arbeitsmarkt. Mittelung lesen<\/p>\n","protected":false},"author":1,"featured_media":0,"comment_status":"closed","ping_status":"closed","sticky":false,"template":"","format":"standard","meta":{"footnotes":""},"categories":[1],"tags":[],"class_list":["post-9553","post","type-post","status-publish","format-standard","hentry","category-allgemein"],"_links":{"self":[{"href":"https:\/\/www.vadib.de\/index.php?rest_route=\/wp\/v2\/posts\/9553","targetHints":{"allow":["GET"]}}],"collection":[{"href":"https:\/\/www.vadib.de\/index.php?rest_route=\/wp\/v2\/posts"}],"about":[{"href":"https:\/\/www.vadib.de\/index.php?rest_route=\/wp\/v2\/types\/post"}],"author":[{"embeddable":true,"href":"https:\/\/www.vadib.de\/index.php?rest_route=\/wp\/v2\/users\/1"}],"replies":[{"embeddable":true,"href":"https:\/\/www.vadib.de\/index.php?rest_route=%2Fwp%2Fv2%2Fcomments&post=9553"}],"version-history":[{"count":1,"href":"https:\/\/www.vadib.de\/index.php?rest_route=\/wp\/v2\/posts\/9553\/revisions"}],"predecessor-version":[{"id":9554,"href":"https:\/\/www.vadib.de\/index.php?rest_route=\/wp\/v2\/posts\/9553\/revisions\/9554"}],"wp:attachment":[{"href":"https:\/\/www.vadib.de\/index.php?rest_route=%2Fwp%2Fv2%2Fmedia&parent=9553"}],"wp:term":[{"taxonomy":"category","embeddable":true,"href":"https:\/\/www.vadib.de\/index.php?rest_route=%2Fwp%2Fv2%2Fcategories&post=9553"},{"taxonomy":"post_tag","embeddable":true,"href":"https:\/\/www.vadib.de\/index.php?rest_route=%2Fwp%2Fv2%2Ftags&post=9553"}],"curies":[{"name":"wp","href":"https:\/\/api.w.org\/{rel}","templated":true}]}}