{"id":9535,"date":"2021-03-10T10:52:00","date_gmt":"2021-03-10T09:52:00","guid":{"rendered":"https:\/\/www.vadib.de\/?p=9535"},"modified":"2021-03-11T10:52:41","modified_gmt":"2021-03-11T09:52:41","slug":"arbeitsuchende-arbeitslose-erwerbsfaehige-leistungsberechtigte-laendervergleich-dezember-2017-3-2-2-2-3-3-3-2-4-2-3-3-3-4-2-3-3-3-3-3-3-2-4-3-2-3-2-3-2-3-3-4-3-2","status":"publish","type":"post","link":"https:\/\/www.vadib.de\/?p=9535","title":{"rendered":"Gender-Pay-Gap: Bruttostundenverdienste &#8211; L\u00e4nder 2014 bis 2020"},"content":{"rendered":"\n<div class=\"wp-block-image\"><figure class=\"alignleft is-resized\"><img decoding=\"async\" src=\"https:\/\/www.vadib.de\/wp-content\/uploads\/2018\/11\/Logo_BIAJ.png\" alt=\"\" class=\"wp-image-2905\" width=\"140\"\/><\/figure><\/div>\n\n\n\n<p>BIAJ-Tabellen zum Gender-Pay-Gap in Bund und L\u00e4ndern  in den Jahren 2014 bis 2020. Auffallend: In Bremen (Land) ist die Unterschied am gr\u00f6\u00dften.<\/p>\n\n\n\n<p><a href=\"http:\/\/biaj.de\/archiv-materialien\/1500-gender-pay-gap-bruttostundenverdienste-laender-2014-bis-2020.html\" target=\"_blank\" rel=\"noreferrer noopener\">Beitrag lesen<\/a><\/p>\n","protected":false},"excerpt":{"rendered":"<p>BIAJ-Tabellen zum Gender-Pay-Gap in Bund und L\u00e4ndern in den Jahren 2014 bis 2020. Auffallend: In Bremen (Land) ist die Unterschied am gr\u00f6\u00dften. Beitrag lesen<\/p>\n","protected":false},"author":1,"featured_media":0,"comment_status":"open","ping_status":"closed","sticky":false,"template":"","format":"standard","meta":{"footnotes":""},"categories":[1],"tags":[],"class_list":["post-9535","post","type-post","status-publish","format-standard","hentry","category-allgemein"],"_links":{"self":[{"href":"https:\/\/www.vadib.de\/index.php?rest_route=\/wp\/v2\/posts\/9535","targetHints":{"allow":["GET"]}}],"collection":[{"href":"https:\/\/www.vadib.de\/index.php?rest_route=\/wp\/v2\/posts"}],"about":[{"href":"https:\/\/www.vadib.de\/index.php?rest_route=\/wp\/v2\/types\/post"}],"author":[{"embeddable":true,"href":"https:\/\/www.vadib.de\/index.php?rest_route=\/wp\/v2\/users\/1"}],"replies":[{"embeddable":true,"href":"https:\/\/www.vadib.de\/index.php?rest_route=%2Fwp%2Fv2%2Fcomments&post=9535"}],"version-history":[{"count":3,"href":"https:\/\/www.vadib.de\/index.php?rest_route=\/wp\/v2\/posts\/9535\/revisions"}],"predecessor-version":[{"id":9538,"href":"https:\/\/www.vadib.de\/index.php?rest_route=\/wp\/v2\/posts\/9535\/revisions\/9538"}],"wp:attachment":[{"href":"https:\/\/www.vadib.de\/index.php?rest_route=%2Fwp%2Fv2%2Fmedia&parent=9535"}],"wp:term":[{"taxonomy":"category","embeddable":true,"href":"https:\/\/www.vadib.de\/index.php?rest_route=%2Fwp%2Fv2%2Fcategories&post=9535"},{"taxonomy":"post_tag","embeddable":true,"href":"https:\/\/www.vadib.de\/index.php?rest_route=%2Fwp%2Fv2%2Ftags&post=9535"}],"curies":[{"name":"wp","href":"https:\/\/api.w.org\/{rel}","templated":true}]}}