{"id":9520,"date":"2021-03-09T10:39:28","date_gmt":"2021-03-09T09:39:28","guid":{"rendered":"https:\/\/www.vadib.de\/?p=9520"},"modified":"2021-03-09T10:39:28","modified_gmt":"2021-03-09T09:39:28","slug":"arbeitsmarktpolitik-in-der-buergerschaft-3-3-2-2-2-4-3-3-2-2-2-2-3-2-2-2-2-2-2-2","status":"publish","type":"post","link":"https:\/\/www.vadib.de\/?p=9520","title":{"rendered":"Deputation f\u00fcr Wirtschaft und Arbeit am 10.03.2021"},"content":{"rendered":"\n<div class=\"wp-block-image\"><figure class=\"alignleft is-resized\"><img decoding=\"async\" src=\"https:\/\/www.vadib.de\/wp-content\/uploads\/2018\/01\/Logo_B\u00fcrgerschaft.jpg\" alt=\"\" class=\"wp-image-1143\" width=\"150\"\/><\/figure><\/div>\n\n\n\n<p>Auf der Sitzung Deputation f\u00fcr Wirtschaft und Arbeit am 10.03.2021 ist die folgende Vorlage aus arbeitsmarktpolitischer Sicht von Interesse:<\/p>\n\n\n\n<p><strong>Aussch\u00f6pfung der Eingliederungstitel 2020 in den Jobcentern Bremen und Bremerhaven<\/strong><br><a href=\"https:\/\/www.wirtschaft.bremen.de\/sixcms\/media.php\/13\/20_217_L-Vorlage%20Aussch%F6pfung%20Eingliederungstitel_BV.pdf\">Vorlage Nr. 20\/217-L<\/a><\/p>\n\n\n\n<p><strong>Begr\u00fc\u00dfungsgeld f\u00fcr Auszubildende \u2013 Umsetzung 2018 bis 2020<\/strong><br><a href=\"https:\/\/www.wirtschaft.bremen.de\/sixcms\/media.php\/13\/20_216_L-Vorlage%20Begr%FC%DFungsgeld_BV.pdf\">Vorlage Nr. 20\/216-L<\/a><\/p>\n\n\n\n<p><strong>F\u00fcr lebendige und attraktive Stadtteilzentren in der Stadt Bremen<\/strong><br><a href=\"https:\/\/www.wirtschaft.bremen.de\/sixcms\/media.php\/13\/20_165_LS-Vorlager%20Aktionsprogramm%20Stadtteilzentren%20wg.%20Corona-BV.pdf\">Vorlage Nr. 20\/165-L\/S<\/a><\/p>\n\n\n\n<p><strong>Rechenschaftsbericht \u00fcber die in 2019 verausgabten Zuwendungen \u2013 Teilbereiche Wirtschaft und Arbeit<\/strong><br><a href=\"https:\/\/www.wirtschaft.bremen.de\/sixcms\/media.php\/13\/20_223_LS-Vorlage%20Zuwendungsbericht%202019_BV.pdf\">Vorlage Nr. 20\/223-L\/S<\/a><\/p>\n","protected":false},"excerpt":{"rendered":"<p>Auf der Sitzung Deputation f\u00fcr Wirtschaft und Arbeit am 10.03.2021 ist die folgende Vorlage aus arbeitsmarktpolitischer Sicht von Interesse: Aussch\u00f6pfung der Eingliederungstitel 2020 in den Jobcentern Bremen und BremerhavenVorlage Nr. 20\/217-L Begr\u00fc\u00dfungsgeld f\u00fcr Auszubildende \u2013 Umsetzung 2018 bis 2020Vorlage Nr. 20\/216-L F\u00fcr lebendige und attraktive Stadtteilzentren in der Stadt BremenVorlage Nr. 20\/165-L\/S Rechenschaftsbericht \u00fcber die &hellip; <\/p>\n<p class=\"link-more\"><a href=\"https:\/\/www.vadib.de\/?p=9520\" class=\"more-link\"><span class=\"screen-reader-text\">\u201eDeputation f\u00fcr Wirtschaft und Arbeit am 10.03.2021\u201c <\/span>weiterlesen<\/a><\/p>\n","protected":false},"author":1,"featured_media":0,"comment_status":"open","ping_status":"closed","sticky":false,"template":"","format":"standard","meta":{"footnotes":""},"categories":[1],"tags":[],"class_list":["post-9520","post","type-post","status-publish","format-standard","hentry","category-allgemein"],"_links":{"self":[{"href":"https:\/\/www.vadib.de\/index.php?rest_route=\/wp\/v2\/posts\/9520","targetHints":{"allow":["GET"]}}],"collection":[{"href":"https:\/\/www.vadib.de\/index.php?rest_route=\/wp\/v2\/posts"}],"about":[{"href":"https:\/\/www.vadib.de\/index.php?rest_route=\/wp\/v2\/types\/post"}],"author":[{"embeddable":true,"href":"https:\/\/www.vadib.de\/index.php?rest_route=\/wp\/v2\/users\/1"}],"replies":[{"embeddable":true,"href":"https:\/\/www.vadib.de\/index.php?rest_route=%2Fwp%2Fv2%2Fcomments&post=9520"}],"version-history":[{"count":3,"href":"https:\/\/www.vadib.de\/index.php?rest_route=\/wp\/v2\/posts\/9520\/revisions"}],"predecessor-version":[{"id":9524,"href":"https:\/\/www.vadib.de\/index.php?rest_route=\/wp\/v2\/posts\/9520\/revisions\/9524"}],"wp:attachment":[{"href":"https:\/\/www.vadib.de\/index.php?rest_route=%2Fwp%2Fv2%2Fmedia&parent=9520"}],"wp:term":[{"taxonomy":"category","embeddable":true,"href":"https:\/\/www.vadib.de\/index.php?rest_route=%2Fwp%2Fv2%2Fcategories&post=9520"},{"taxonomy":"post_tag","embeddable":true,"href":"https:\/\/www.vadib.de\/index.php?rest_route=%2Fwp%2Fv2%2Ftags&post=9520"}],"curies":[{"name":"wp","href":"https:\/\/api.w.org\/{rel}","templated":true}]}}