{"id":9491,"date":"2021-03-04T11:25:40","date_gmt":"2021-03-04T10:25:40","guid":{"rendered":"https:\/\/www.vadib.de\/?p=9491"},"modified":"2021-03-04T11:25:40","modified_gmt":"2021-03-04T10:25:40","slug":"auswirkungen-der-digitalisierung-der-arbeitswelt-auf-die-erwerbstaetigkeit-von-frauen","status":"publish","type":"post","link":"https:\/\/www.vadib.de\/?p=9491","title":{"rendered":"Auswirkungen der Digitalisierung der Arbeitswelt auf die Erwerbst\u00e4tigkeit von Frauen"},"content":{"rendered":"\n<div class=\"wp-block-image\"><figure class=\"alignleft size-large is-resized\"><img decoding=\"async\" src=\"https:\/\/www.vadib.de\/wp-content\/uploads\/2018\/01\/Logo_BMAS.png\" alt=\"\" class=\"wp-image-1100\" width=\"140\"\/><\/figure><\/div>\n\n\n\n<p>Die Kurzexpertise geht der Frage nach, welche Chancen und Risiken der digitale Wandel am Arbeitsmarkt spezifisch f\u00fcr Frauen mit sich bringt und gibt einen fundierten \u00dcberblick \u00fcber die Erkenntnisse der nationalen und internationalen volkswirtschaftswissenschaftlichen Forschungsliteratur.<\/p>\n\n\n\n<p><a href=\"https:\/\/www.bmas.de\/DE\/Service\/Publikationen\/Forschungsberichte\/fb-568-auswirkungen-digitalisierung-arbeitswelt-erwerbstaetigkeit-frauen.html\" target=\"_blank\" rel=\"noreferrer noopener\">Mitteilung lesen<\/a><\/p>\n","protected":false},"excerpt":{"rendered":"<p>Die Kurzexpertise geht der Frage nach, welche Chancen und Risiken der digitale Wandel am Arbeitsmarkt spezifisch f\u00fcr Frauen mit sich bringt und gibt einen fundierten \u00dcberblick \u00fcber die Erkenntnisse der nationalen und internationalen volkswirtschaftswissenschaftlichen Forschungsliteratur. Mitteilung lesen<\/p>\n","protected":false},"author":1,"featured_media":0,"comment_status":"closed","ping_status":"closed","sticky":false,"template":"","format":"standard","meta":{"footnotes":""},"categories":[1],"tags":[],"class_list":["post-9491","post","type-post","status-publish","format-standard","hentry","category-allgemein"],"_links":{"self":[{"href":"https:\/\/www.vadib.de\/index.php?rest_route=\/wp\/v2\/posts\/9491","targetHints":{"allow":["GET"]}}],"collection":[{"href":"https:\/\/www.vadib.de\/index.php?rest_route=\/wp\/v2\/posts"}],"about":[{"href":"https:\/\/www.vadib.de\/index.php?rest_route=\/wp\/v2\/types\/post"}],"author":[{"embeddable":true,"href":"https:\/\/www.vadib.de\/index.php?rest_route=\/wp\/v2\/users\/1"}],"replies":[{"embeddable":true,"href":"https:\/\/www.vadib.de\/index.php?rest_route=%2Fwp%2Fv2%2Fcomments&post=9491"}],"version-history":[{"count":1,"href":"https:\/\/www.vadib.de\/index.php?rest_route=\/wp\/v2\/posts\/9491\/revisions"}],"predecessor-version":[{"id":9492,"href":"https:\/\/www.vadib.de\/index.php?rest_route=\/wp\/v2\/posts\/9491\/revisions\/9492"}],"wp:attachment":[{"href":"https:\/\/www.vadib.de\/index.php?rest_route=%2Fwp%2Fv2%2Fmedia&parent=9491"}],"wp:term":[{"taxonomy":"category","embeddable":true,"href":"https:\/\/www.vadib.de\/index.php?rest_route=%2Fwp%2Fv2%2Fcategories&post=9491"},{"taxonomy":"post_tag","embeddable":true,"href":"https:\/\/www.vadib.de\/index.php?rest_route=%2Fwp%2Fv2%2Ftags&post=9491"}],"curies":[{"name":"wp","href":"https:\/\/api.w.org\/{rel}","templated":true}]}}