{"id":9479,"date":"2021-03-03T14:42:13","date_gmt":"2021-03-03T13:42:13","guid":{"rendered":"https:\/\/www.vadib.de\/?p=9479"},"modified":"2021-03-03T14:42:13","modified_gmt":"2021-03-03T13:42:13","slug":"rote-karte-fuer-mindest-kurzarbeitergeld","status":"publish","type":"post","link":"https:\/\/www.vadib.de\/?p=9479","title":{"rendered":"Rote Karte f\u00fcr Mindest-Kurzarbeitergeld"},"content":{"rendered":"\n<div class=\"wp-block-image\"><figure class=\"alignleft size-large is-resized\"><img decoding=\"async\" src=\"https:\/\/www.vadib.de\/wp-content\/uploads\/2021\/03\/Logo_Bundestag-3.png\" alt=\"\" class=\"wp-image-9477\" width=\"160\"\/><\/figure><\/div>\n\n\n\n<p>Der Ausschuss f\u00fcr Arbeit und Soziales hat einen Antrag der Fraktion Die Linke f\u00fcr eine sofortige Einf\u00fchrung eines Mindest-Kurzarbeitergeldes abgelehnt. Gegen den Antrag stimmten die Koalitionsfraktionen CDU\/CSU und SPD, die AfD-Fraktion und die FDP-Fraktion. Lediglich die Fraktion B\u00fcndnis 90\/Die Gr\u00fcnen votierte f\u00fcr den Vorsto\u00df der Linken.<\/p>\n\n\n\n<p><a href=\"https:\/\/dip21.bundestag.de\/dip21\/btd\/19\/265\/1926526.pdf\">Antrag lesen<\/a><\/p>\n","protected":false},"excerpt":{"rendered":"<p>Der Ausschuss f\u00fcr Arbeit und Soziales hat einen Antrag der Fraktion Die Linke f\u00fcr eine sofortige Einf\u00fchrung eines Mindest-Kurzarbeitergeldes abgelehnt. Gegen den Antrag stimmten die Koalitionsfraktionen CDU\/CSU und SPD, die AfD-Fraktion und die FDP-Fraktion. Lediglich die Fraktion B\u00fcndnis 90\/Die Gr\u00fcnen votierte f\u00fcr den Vorsto\u00df der Linken. Antrag lesen<\/p>\n","protected":false},"author":1,"featured_media":0,"comment_status":"closed","ping_status":"closed","sticky":false,"template":"","format":"standard","meta":{"footnotes":""},"categories":[1],"tags":[],"class_list":["post-9479","post","type-post","status-publish","format-standard","hentry","category-allgemein"],"_links":{"self":[{"href":"https:\/\/www.vadib.de\/index.php?rest_route=\/wp\/v2\/posts\/9479","targetHints":{"allow":["GET"]}}],"collection":[{"href":"https:\/\/www.vadib.de\/index.php?rest_route=\/wp\/v2\/posts"}],"about":[{"href":"https:\/\/www.vadib.de\/index.php?rest_route=\/wp\/v2\/types\/post"}],"author":[{"embeddable":true,"href":"https:\/\/www.vadib.de\/index.php?rest_route=\/wp\/v2\/users\/1"}],"replies":[{"embeddable":true,"href":"https:\/\/www.vadib.de\/index.php?rest_route=%2Fwp%2Fv2%2Fcomments&post=9479"}],"version-history":[{"count":1,"href":"https:\/\/www.vadib.de\/index.php?rest_route=\/wp\/v2\/posts\/9479\/revisions"}],"predecessor-version":[{"id":9480,"href":"https:\/\/www.vadib.de\/index.php?rest_route=\/wp\/v2\/posts\/9479\/revisions\/9480"}],"wp:attachment":[{"href":"https:\/\/www.vadib.de\/index.php?rest_route=%2Fwp%2Fv2%2Fmedia&parent=9479"}],"wp:term":[{"taxonomy":"category","embeddable":true,"href":"https:\/\/www.vadib.de\/index.php?rest_route=%2Fwp%2Fv2%2Fcategories&post=9479"},{"taxonomy":"post_tag","embeddable":true,"href":"https:\/\/www.vadib.de\/index.php?rest_route=%2Fwp%2Fv2%2Ftags&post=9479"}],"curies":[{"name":"wp","href":"https:\/\/api.w.org\/{rel}","templated":true}]}}