{"id":9468,"date":"2021-03-03T12:29:27","date_gmt":"2021-03-03T11:29:27","guid":{"rendered":"https:\/\/www.vadib.de\/?p=9468"},"modified":"2021-03-03T12:31:48","modified_gmt":"2021-03-03T11:31:48","slug":"woche-der-beruflichen-bildung-2021","status":"publish","type":"post","link":"https:\/\/www.vadib.de\/?p=9468","title":{"rendered":"Woche der Beruflichen Bildung 2021"},"content":{"rendered":"\n<div class=\"wp-block-image\"><figure class=\"alignleft size-large is-resized\"><img decoding=\"async\" src=\"https:\/\/www.vadib.de\/wp-content\/uploads\/2020\/05\/Logo_Bundesagentur-f\u00fcr-Arbeit_-Regionaldirektion-Niedersachen-Bremen.png\" alt=\"\" class=\"wp-image-7528\" width=\"140\" srcset=\"https:\/\/www.vadib.de\/wp-content\/uploads\/2020\/05\/Logo_Bundesagentur-f\u00fcr-Arbeit_-Regionaldirektion-Niedersachen-Bremen.png 432w, https:\/\/www.vadib.de\/wp-content\/uploads\/2020\/05\/Logo_Bundesagentur-f\u00fcr-Arbeit_-Regionaldirektion-Niedersachen-Bremen-300x81.png 300w\" sizes=\"(max-width: 432px) 100vw, 432px\" \/><\/figure><\/div>\n\n\n\n<p>Anl\u00e4sslich der Woche der Beruflichen Bildung l\u00e4dt die Regionaldirektion Niedersachsen-Bremen zu Online-Expertenvortr\u00e4gen und fachlichem Austausch vom 23.-25. M\u00e4rz 2021 ein.<\/p>\n\n\n\n<p><a href=\"https:\/\/www.google.com\/url?sa=t&amp;rct=j&amp;q=&amp;esrc=s&amp;source=web&amp;cd=&amp;cad=rja&amp;uact=8&amp;ved=2ahUKEwjQ3drQgZTvAhWGCOwKHRpsAE4QFjAAegQIBRAD&amp;url=https%3A%2F%2Fwww.arbeitsagentur.de%2Fvor-ort%2Frd-nsb%2Fdownload%2F1533751127232.pdf&amp;usg=AOvVaw2K0ExaYqosb65gXvdQ-Pwb\" target=\"_blank\" rel=\"noreferrer noopener\">Einladung lesen<\/a><\/p>\n","protected":false},"excerpt":{"rendered":"<p>Anl\u00e4sslich der Woche der Beruflichen Bildung l\u00e4dt die Regionaldirektion Niedersachsen-Bremen zu Online-Expertenvortr\u00e4gen und fachlichem Austausch vom 23.-25. M\u00e4rz 2021 ein. Einladung lesen<\/p>\n","protected":false},"author":1,"featured_media":0,"comment_status":"closed","ping_status":"closed","sticky":false,"template":"","format":"standard","meta":{"footnotes":""},"categories":[1],"tags":[],"class_list":["post-9468","post","type-post","status-publish","format-standard","hentry","category-allgemein"],"_links":{"self":[{"href":"https:\/\/www.vadib.de\/index.php?rest_route=\/wp\/v2\/posts\/9468","targetHints":{"allow":["GET"]}}],"collection":[{"href":"https:\/\/www.vadib.de\/index.php?rest_route=\/wp\/v2\/posts"}],"about":[{"href":"https:\/\/www.vadib.de\/index.php?rest_route=\/wp\/v2\/types\/post"}],"author":[{"embeddable":true,"href":"https:\/\/www.vadib.de\/index.php?rest_route=\/wp\/v2\/users\/1"}],"replies":[{"embeddable":true,"href":"https:\/\/www.vadib.de\/index.php?rest_route=%2Fwp%2Fv2%2Fcomments&post=9468"}],"version-history":[{"count":3,"href":"https:\/\/www.vadib.de\/index.php?rest_route=\/wp\/v2\/posts\/9468\/revisions"}],"predecessor-version":[{"id":9472,"href":"https:\/\/www.vadib.de\/index.php?rest_route=\/wp\/v2\/posts\/9468\/revisions\/9472"}],"wp:attachment":[{"href":"https:\/\/www.vadib.de\/index.php?rest_route=%2Fwp%2Fv2%2Fmedia&parent=9468"}],"wp:term":[{"taxonomy":"category","embeddable":true,"href":"https:\/\/www.vadib.de\/index.php?rest_route=%2Fwp%2Fv2%2Fcategories&post=9468"},{"taxonomy":"post_tag","embeddable":true,"href":"https:\/\/www.vadib.de\/index.php?rest_route=%2Fwp%2Fv2%2Ftags&post=9468"}],"curies":[{"name":"wp","href":"https:\/\/api.w.org\/{rel}","templated":true}]}}