{"id":9454,"date":"2021-03-02T11:10:56","date_gmt":"2021-03-02T10:10:56","guid":{"rendered":"https:\/\/www.vadib.de\/?p=9454"},"modified":"2021-03-02T11:10:56","modified_gmt":"2021-03-02T10:10:56","slug":"juengere-bilden-sich-eher-weiter","status":"publish","type":"post","link":"https:\/\/www.vadib.de\/?p=9454","title":{"rendered":"J\u00fcngere bilden sich eher weiter"},"content":{"rendered":"\n<div class=\"wp-block-image\"><figure class=\"alignleft size-large is-resized\"><img decoding=\"async\" src=\"https:\/\/www.vadib.de\/wp-content\/uploads\/2021\/03\/Logo_FAZ.png\" alt=\"\" class=\"wp-image-9455\" width=\"140\"\/><\/figure><\/div>\n\n\n\n<p>Rund ein F\u00fcnftel der \u00e4lteren Arbeitnehmer sagt: Weiterbildung ist in der derzeitigen Krise f\u00fcr sie unwichtiger geworden. Damit versch\u00e4rft Corona die Kluft zwischen Jung und Alt.<\/p>\n\n\n\n<p><a href=\"https:\/\/www.faz.net\/aktuell\/karriere-hochschule\/buero-co\/lebenslanges-lernen-juengere-eher-bereit-fuer-weiterbildung-17216942.html\" target=\"_blank\" rel=\"noreferrer noopener\">Beitrag lesen<\/a><\/p>\n","protected":false},"excerpt":{"rendered":"<p>Rund ein F\u00fcnftel der \u00e4lteren Arbeitnehmer sagt: Weiterbildung ist in der derzeitigen Krise f\u00fcr sie unwichtiger geworden. Damit versch\u00e4rft Corona die Kluft zwischen Jung und Alt. Beitrag lesen<\/p>\n","protected":false},"author":1,"featured_media":0,"comment_status":"closed","ping_status":"closed","sticky":false,"template":"","format":"standard","meta":{"footnotes":""},"categories":[1],"tags":[],"class_list":["post-9454","post","type-post","status-publish","format-standard","hentry","category-allgemein"],"_links":{"self":[{"href":"https:\/\/www.vadib.de\/index.php?rest_route=\/wp\/v2\/posts\/9454","targetHints":{"allow":["GET"]}}],"collection":[{"href":"https:\/\/www.vadib.de\/index.php?rest_route=\/wp\/v2\/posts"}],"about":[{"href":"https:\/\/www.vadib.de\/index.php?rest_route=\/wp\/v2\/types\/post"}],"author":[{"embeddable":true,"href":"https:\/\/www.vadib.de\/index.php?rest_route=\/wp\/v2\/users\/1"}],"replies":[{"embeddable":true,"href":"https:\/\/www.vadib.de\/index.php?rest_route=%2Fwp%2Fv2%2Fcomments&post=9454"}],"version-history":[{"count":1,"href":"https:\/\/www.vadib.de\/index.php?rest_route=\/wp\/v2\/posts\/9454\/revisions"}],"predecessor-version":[{"id":9456,"href":"https:\/\/www.vadib.de\/index.php?rest_route=\/wp\/v2\/posts\/9454\/revisions\/9456"}],"wp:attachment":[{"href":"https:\/\/www.vadib.de\/index.php?rest_route=%2Fwp%2Fv2%2Fmedia&parent=9454"}],"wp:term":[{"taxonomy":"category","embeddable":true,"href":"https:\/\/www.vadib.de\/index.php?rest_route=%2Fwp%2Fv2%2Fcategories&post=9454"},{"taxonomy":"post_tag","embeddable":true,"href":"https:\/\/www.vadib.de\/index.php?rest_route=%2Fwp%2Fv2%2Ftags&post=9454"}],"curies":[{"name":"wp","href":"https:\/\/api.w.org\/{rel}","templated":true}]}}