{"id":9450,"date":"2021-03-02T10:59:41","date_gmt":"2021-03-02T09:59:41","guid":{"rendered":"https:\/\/www.vadib.de\/?p=9450"},"modified":"2021-03-02T10:59:41","modified_gmt":"2021-03-02T09:59:41","slug":"der-arbeitsmarkt-im-februar-2021","status":"publish","type":"post","link":"https:\/\/www.vadib.de\/?p=9450","title":{"rendered":"Der Arbeitsmarkt im Februar 2021"},"content":{"rendered":"\n<div class=\"wp-block-image\"><figure class=\"alignleft size-large is-resized\"><img decoding=\"async\" src=\"https:\/\/www.vadib.de\/wp-content\/uploads\/2018\/10\/Logo_Bundesagentur.png\" alt=\"\" class=\"wp-image-2413\" width=\"140\"\/><\/figure><\/div>\n\n\n\n<p>\u201eDie Zahl der arbeitslosen Menschen ist im Februar geringf\u00fcgig gestiegen. Kurzarbeit sichert weiter in gro\u00dfem Umfang Besch\u00e4ftigung und verhindert Arbeitslosigkeit. Einzelne Branchen sp\u00fcren die Folgen des Lockdowns, insgesamt erholt sich die Besch\u00e4ftigung aber.\u201c sagte der Vorstandsvorsitzende der Bundesagentur f\u00fcr Arbeit (BA), Detlef Scheele, heute anl\u00e4sslich der monatlichen Pressekonferenz in N\u00fcrnberg.<\/p>\n\n\n\n<p><a href=\"https:\/\/www.arbeitsagentur.de\/presse\/2021-08-der-arbeitsmarkt-im-februar-2021\" target=\"_blank\" rel=\"noreferrer noopener\">Mittelung lesen<\/a><\/p>\n","protected":false},"excerpt":{"rendered":"<p>\u201eDie Zahl der arbeitslosen Menschen ist im Februar geringf\u00fcgig gestiegen. Kurzarbeit sichert weiter in gro\u00dfem Umfang Besch\u00e4ftigung und verhindert Arbeitslosigkeit. Einzelne Branchen sp\u00fcren die Folgen des Lockdowns, insgesamt erholt sich die Besch\u00e4ftigung aber.\u201c sagte der Vorstandsvorsitzende der Bundesagentur f\u00fcr Arbeit (BA), Detlef Scheele, heute anl\u00e4sslich der monatlichen Pressekonferenz in N\u00fcrnberg. Mittelung lesen<\/p>\n","protected":false},"author":1,"featured_media":0,"comment_status":"closed","ping_status":"closed","sticky":false,"template":"","format":"standard","meta":{"footnotes":""},"categories":[1],"tags":[],"class_list":["post-9450","post","type-post","status-publish","format-standard","hentry","category-allgemein"],"_links":{"self":[{"href":"https:\/\/www.vadib.de\/index.php?rest_route=\/wp\/v2\/posts\/9450","targetHints":{"allow":["GET"]}}],"collection":[{"href":"https:\/\/www.vadib.de\/index.php?rest_route=\/wp\/v2\/posts"}],"about":[{"href":"https:\/\/www.vadib.de\/index.php?rest_route=\/wp\/v2\/types\/post"}],"author":[{"embeddable":true,"href":"https:\/\/www.vadib.de\/index.php?rest_route=\/wp\/v2\/users\/1"}],"replies":[{"embeddable":true,"href":"https:\/\/www.vadib.de\/index.php?rest_route=%2Fwp%2Fv2%2Fcomments&post=9450"}],"version-history":[{"count":1,"href":"https:\/\/www.vadib.de\/index.php?rest_route=\/wp\/v2\/posts\/9450\/revisions"}],"predecessor-version":[{"id":9451,"href":"https:\/\/www.vadib.de\/index.php?rest_route=\/wp\/v2\/posts\/9450\/revisions\/9451"}],"wp:attachment":[{"href":"https:\/\/www.vadib.de\/index.php?rest_route=%2Fwp%2Fv2%2Fmedia&parent=9450"}],"wp:term":[{"taxonomy":"category","embeddable":true,"href":"https:\/\/www.vadib.de\/index.php?rest_route=%2Fwp%2Fv2%2Fcategories&post=9450"},{"taxonomy":"post_tag","embeddable":true,"href":"https:\/\/www.vadib.de\/index.php?rest_route=%2Fwp%2Fv2%2Ftags&post=9450"}],"curies":[{"name":"wp","href":"https:\/\/api.w.org\/{rel}","templated":true}]}}