{"id":9446,"date":"2021-03-01T17:31:54","date_gmt":"2021-03-01T16:31:54","guid":{"rendered":"https:\/\/www.vadib.de\/?p=9446"},"modified":"2021-03-01T17:31:54","modified_gmt":"2021-03-01T16:31:54","slug":"rueckgang-bei-weiterbildungen-qualifizierungschancengesetz-2","status":"publish","type":"post","link":"https:\/\/www.vadib.de\/?p=9446","title":{"rendered":"Arbeitgeber stehen einem Mindest-Kurzarbeitergeld kritisch gegen\u00fcber"},"content":{"rendered":"\n<div class=\"wp-block-image\"><figure class=\"alignleft size-large is-resized\"><img decoding=\"async\" src=\"https:\/\/www.vadib.de\/wp-content\/uploads\/2019\/01\/Logo_Bundestag-3.png\" alt=\"\" class=\"wp-image-3476\" width=\"160\" srcset=\"https:\/\/www.vadib.de\/wp-content\/uploads\/2019\/01\/Logo_Bundestag-3.png 521w, https:\/\/www.vadib.de\/wp-content\/uploads\/2019\/01\/Logo_Bundestag-3-300x56.png 300w\" sizes=\"(max-width: 521px) 100vw, 521px\" \/><\/figure><\/div>\n\n\n\n<p>Von Gewerkschaftsvertretern und Wissenschaftlern gab es in einer \u00f6ffentlichen Anh\u00f6rung des Ausschusses f\u00fcr Arbeit und Soziales unter Leitung von Peter Wei\u00df (CDU\/CSU) am Montag, 1. M\u00e4rz 2021, dagegen ein positives Echo auf diese Forderung der Fraktion Die Linke. Gegenstand der Anh\u00f6rung war auch ein Antrag der Fraktion B\u00fcndnis 90\/Die Gr\u00fcnen f\u00fcr ein Qualifizierungs-Kurzarbeitergeld. <\/p>\n\n\n\n<p><a href=\"https:\/\/www.bundestag.de\/dokumente\/textarchiv\/2021\/kw09-pa-arbeit-soziales-824300\" target=\"_blank\" rel=\"noreferrer noopener\">Mitteilung lesen<\/a><\/p>\n","protected":false},"excerpt":{"rendered":"<p>Von Gewerkschaftsvertretern und Wissenschaftlern gab es in einer \u00f6ffentlichen Anh\u00f6rung des Ausschusses f\u00fcr Arbeit und Soziales unter Leitung von Peter Wei\u00df (CDU\/CSU) am Montag, 1. M\u00e4rz 2021, dagegen ein positives Echo auf diese Forderung der Fraktion Die Linke. Gegenstand der Anh\u00f6rung war auch ein Antrag der Fraktion B\u00fcndnis 90\/Die Gr\u00fcnen f\u00fcr ein Qualifizierungs-Kurzarbeitergeld. Mitteilung lesen<\/p>\n","protected":false},"author":1,"featured_media":0,"comment_status":"closed","ping_status":"closed","sticky":false,"template":"","format":"standard","meta":{"footnotes":""},"categories":[1],"tags":[],"class_list":["post-9446","post","type-post","status-publish","format-standard","hentry","category-allgemein"],"_links":{"self":[{"href":"https:\/\/www.vadib.de\/index.php?rest_route=\/wp\/v2\/posts\/9446","targetHints":{"allow":["GET"]}}],"collection":[{"href":"https:\/\/www.vadib.de\/index.php?rest_route=\/wp\/v2\/posts"}],"about":[{"href":"https:\/\/www.vadib.de\/index.php?rest_route=\/wp\/v2\/types\/post"}],"author":[{"embeddable":true,"href":"https:\/\/www.vadib.de\/index.php?rest_route=\/wp\/v2\/users\/1"}],"replies":[{"embeddable":true,"href":"https:\/\/www.vadib.de\/index.php?rest_route=%2Fwp%2Fv2%2Fcomments&post=9446"}],"version-history":[{"count":3,"href":"https:\/\/www.vadib.de\/index.php?rest_route=\/wp\/v2\/posts\/9446\/revisions"}],"predecessor-version":[{"id":9449,"href":"https:\/\/www.vadib.de\/index.php?rest_route=\/wp\/v2\/posts\/9446\/revisions\/9449"}],"wp:attachment":[{"href":"https:\/\/www.vadib.de\/index.php?rest_route=%2Fwp%2Fv2%2Fmedia&parent=9446"}],"wp:term":[{"taxonomy":"category","embeddable":true,"href":"https:\/\/www.vadib.de\/index.php?rest_route=%2Fwp%2Fv2%2Fcategories&post=9446"},{"taxonomy":"post_tag","embeddable":true,"href":"https:\/\/www.vadib.de\/index.php?rest_route=%2Fwp%2Fv2%2Ftags&post=9446"}],"curies":[{"name":"wp","href":"https:\/\/api.w.org\/{rel}","templated":true}]}}