{"id":9408,"date":"2021-02-24T10:27:52","date_gmt":"2021-02-24T09:27:52","guid":{"rendered":"https:\/\/www.vadib.de\/?p=9408"},"modified":"2021-02-24T10:27:52","modified_gmt":"2021-02-24T09:27:52","slug":"geteiltes-expertenecho-auf-antraege-zur-zukunft-von-minijobs","status":"publish","type":"post","link":"https:\/\/www.vadib.de\/?p=9408","title":{"rendered":"Geteiltes Experten\u00adecho auf Antr\u00e4ge zur Zu\u00adkunft von Minijobs"},"content":{"rendered":"\n<div class=\"wp-block-image\"><figure class=\"alignleft size-large is-resized\"><img decoding=\"async\" src=\"https:\/\/www.vadib.de\/wp-content\/uploads\/2019\/01\/Logo_Bundestag-3.png\" alt=\"\" class=\"wp-image-3476\" width=\"160\" srcset=\"https:\/\/www.vadib.de\/wp-content\/uploads\/2019\/01\/Logo_Bundestag-3.png 521w, https:\/\/www.vadib.de\/wp-content\/uploads\/2019\/01\/Logo_Bundestag-3-300x56.png 300w\" sizes=\"(max-width: 521px) 100vw, 521px\" \/><\/figure><\/div>\n\n\n\n<p>Kontrovers haben Experten drei Antr\u00e4ge von AfD, FDP und Die Linke beurteilt, die sich mit der Zukunft der \u201eMinijobs\u201c besch\u00e4ftigen. Uneinig waren die Sachverst\u00e4ndigen dabei nicht nur in ihrer Einsch\u00e4tzung der generellen Sto\u00dfrichtung der Antr\u00e4ge, sondern auch in ihrer Kritik in Detailfragen.<\/p>\n\n\n\n<p><a href=\"https:\/\/www.bundestag.de\/dokumente\/textarchiv\/2021\/kw08-pa-arbeit-minijobs-820528\" target=\"_blank\" rel=\"noreferrer noopener\">Mitteilung lesen<\/a><\/p>\n","protected":false},"excerpt":{"rendered":"<p>Kontrovers haben Experten drei Antr\u00e4ge von AfD, FDP und Die Linke beurteilt, die sich mit der Zukunft der \u201eMinijobs\u201c besch\u00e4ftigen. Uneinig waren die Sachverst\u00e4ndigen dabei nicht nur in ihrer Einsch\u00e4tzung der generellen Sto\u00dfrichtung der Antr\u00e4ge, sondern auch in ihrer Kritik in Detailfragen. Mitteilung lesen<\/p>\n","protected":false},"author":1,"featured_media":0,"comment_status":"closed","ping_status":"closed","sticky":false,"template":"","format":"standard","meta":{"footnotes":""},"categories":[1],"tags":[],"class_list":["post-9408","post","type-post","status-publish","format-standard","hentry","category-allgemein"],"_links":{"self":[{"href":"https:\/\/www.vadib.de\/index.php?rest_route=\/wp\/v2\/posts\/9408","targetHints":{"allow":["GET"]}}],"collection":[{"href":"https:\/\/www.vadib.de\/index.php?rest_route=\/wp\/v2\/posts"}],"about":[{"href":"https:\/\/www.vadib.de\/index.php?rest_route=\/wp\/v2\/types\/post"}],"author":[{"embeddable":true,"href":"https:\/\/www.vadib.de\/index.php?rest_route=\/wp\/v2\/users\/1"}],"replies":[{"embeddable":true,"href":"https:\/\/www.vadib.de\/index.php?rest_route=%2Fwp%2Fv2%2Fcomments&post=9408"}],"version-history":[{"count":1,"href":"https:\/\/www.vadib.de\/index.php?rest_route=\/wp\/v2\/posts\/9408\/revisions"}],"predecessor-version":[{"id":9409,"href":"https:\/\/www.vadib.de\/index.php?rest_route=\/wp\/v2\/posts\/9408\/revisions\/9409"}],"wp:attachment":[{"href":"https:\/\/www.vadib.de\/index.php?rest_route=%2Fwp%2Fv2%2Fmedia&parent=9408"}],"wp:term":[{"taxonomy":"category","embeddable":true,"href":"https:\/\/www.vadib.de\/index.php?rest_route=%2Fwp%2Fv2%2Fcategories&post=9408"},{"taxonomy":"post_tag","embeddable":true,"href":"https:\/\/www.vadib.de\/index.php?rest_route=%2Fwp%2Fv2%2Ftags&post=9408"}],"curies":[{"name":"wp","href":"https:\/\/api.w.org\/{rel}","templated":true}]}}