{"id":9382,"date":"2021-02-22T15:17:16","date_gmt":"2021-02-22T14:17:16","guid":{"rendered":"https:\/\/www.vadib.de\/?p=9382"},"modified":"2021-02-22T15:17:16","modified_gmt":"2021-02-22T14:17:16","slug":"die-mehrheit-der-foerderberechtigten-betriebe-wird-das-bundesprogramm-ausbildungsplaetze-sichern-nutzen","status":"publish","type":"post","link":"https:\/\/www.vadib.de\/?p=9382","title":{"rendered":"Die Mehrheit der f\u00f6rderberechtigten Betriebe wird das Bundesprogramm \u201eAusbildungspl\u00e4tze sichern\u201c nutzen"},"content":{"rendered":"\n<div class=\"wp-block-image\"><figure class=\"alignleft size-large is-resized\"><img decoding=\"async\" src=\"https:\/\/www.vadib.de\/wp-content\/uploads\/2021\/02\/Logo_IAB.png\" alt=\"\" class=\"wp-image-9384\" width=\"140\"\/><\/figure><\/div>\n\n\n\n<p>Die Ergebnisse einer IAB-Studie zeigen, dass mittlerweile 28 Prozent der nach eigenen Angaben f\u00f6rderberechtigten Betriebe das Programm nutzen und \u00e4hnlich viele planen, F\u00f6rdermittel zu beantragen. Allerdings sind das Programm und seine F\u00f6rdervoraussetzungen noch immer vielen Betrieben nicht bekannt.<\/p>\n\n\n\n<p><a href=\"https:\/\/www.iab-forum.de\/die-mehrheit-der-foerderberechtigten-betriebe-wird-das-bundesprogramm-ausbildungsplaetze-sichern-nutzen\/\" target=\"_blank\" rel=\"noreferrer noopener\">Beitrag lesen<\/a><\/p>\n","protected":false},"excerpt":{"rendered":"<p>Die Ergebnisse einer IAB-Studie zeigen, dass mittlerweile 28 Prozent der nach eigenen Angaben f\u00f6rderberechtigten Betriebe das Programm nutzen und \u00e4hnlich viele planen, F\u00f6rdermittel zu beantragen. Allerdings sind das Programm und seine F\u00f6rdervoraussetzungen noch immer vielen Betrieben nicht bekannt. Beitrag lesen<\/p>\n","protected":false},"author":1,"featured_media":0,"comment_status":"closed","ping_status":"closed","sticky":false,"template":"","format":"standard","meta":{"footnotes":""},"categories":[1],"tags":[],"class_list":["post-9382","post","type-post","status-publish","format-standard","hentry","category-allgemein"],"_links":{"self":[{"href":"https:\/\/www.vadib.de\/index.php?rest_route=\/wp\/v2\/posts\/9382","targetHints":{"allow":["GET"]}}],"collection":[{"href":"https:\/\/www.vadib.de\/index.php?rest_route=\/wp\/v2\/posts"}],"about":[{"href":"https:\/\/www.vadib.de\/index.php?rest_route=\/wp\/v2\/types\/post"}],"author":[{"embeddable":true,"href":"https:\/\/www.vadib.de\/index.php?rest_route=\/wp\/v2\/users\/1"}],"replies":[{"embeddable":true,"href":"https:\/\/www.vadib.de\/index.php?rest_route=%2Fwp%2Fv2%2Fcomments&post=9382"}],"version-history":[{"count":2,"href":"https:\/\/www.vadib.de\/index.php?rest_route=\/wp\/v2\/posts\/9382\/revisions"}],"predecessor-version":[{"id":9385,"href":"https:\/\/www.vadib.de\/index.php?rest_route=\/wp\/v2\/posts\/9382\/revisions\/9385"}],"wp:attachment":[{"href":"https:\/\/www.vadib.de\/index.php?rest_route=%2Fwp%2Fv2%2Fmedia&parent=9382"}],"wp:term":[{"taxonomy":"category","embeddable":true,"href":"https:\/\/www.vadib.de\/index.php?rest_route=%2Fwp%2Fv2%2Fcategories&post=9382"},{"taxonomy":"post_tag","embeddable":true,"href":"https:\/\/www.vadib.de\/index.php?rest_route=%2Fwp%2Fv2%2Ftags&post=9382"}],"curies":[{"name":"wp","href":"https:\/\/api.w.org\/{rel}","templated":true}]}}