{"id":9378,"date":"2021-02-21T09:48:08","date_gmt":"2021-02-21T08:48:08","guid":{"rendered":"https:\/\/www.vadib.de\/?p=9378"},"modified":"2021-02-21T09:48:08","modified_gmt":"2021-02-21T08:48:08","slug":"weisung-weiterbildung-bei-kurzarbeit","status":"publish","type":"post","link":"https:\/\/www.vadib.de\/?p=9378","title":{"rendered":"Weisung \u2013 Weiterbildung bei Kurzarbeit"},"content":{"rendered":"\n<div class=\"wp-block-image\"><figure class=\"alignleft size-large is-resized\"><img decoding=\"async\" src=\"https:\/\/www.vadib.de\/wp-content\/uploads\/2018\/10\/Logo_Bundesagentur.png\" alt=\"\" class=\"wp-image-2413\" width=\"140\"\/><\/figure><\/div>\n\n\n\n<p>Die F\u00f6rdervoraussetzungen f\u00fcr Qualifizierungen, die w\u00e4hrend Kurzarbeit begonnen werden, wurden in \u00a7 106a SGB III mit Wirkung zum 01.01.2021 neu gefasst. Es werden Regelungen zum Verfahren gegeben.<\/p>\n\n\n\n<p><a href=\"https:\/\/www.arbeitsagentur.de\/datei\/weisung-202102006_ba146866.pdf\">Weisung lesen<\/a><\/p>\n","protected":false},"excerpt":{"rendered":"<p>Die F\u00f6rdervoraussetzungen f\u00fcr Qualifizierungen, die w\u00e4hrend Kurzarbeit begonnen werden, wurden in \u00a7 106a SGB III mit Wirkung zum 01.01.2021 neu gefasst. Es werden Regelungen zum Verfahren gegeben. Weisung lesen<\/p>\n","protected":false},"author":1,"featured_media":0,"comment_status":"closed","ping_status":"closed","sticky":false,"template":"","format":"standard","meta":{"footnotes":""},"categories":[1],"tags":[],"class_list":["post-9378","post","type-post","status-publish","format-standard","hentry","category-allgemein"],"_links":{"self":[{"href":"https:\/\/www.vadib.de\/index.php?rest_route=\/wp\/v2\/posts\/9378","targetHints":{"allow":["GET"]}}],"collection":[{"href":"https:\/\/www.vadib.de\/index.php?rest_route=\/wp\/v2\/posts"}],"about":[{"href":"https:\/\/www.vadib.de\/index.php?rest_route=\/wp\/v2\/types\/post"}],"author":[{"embeddable":true,"href":"https:\/\/www.vadib.de\/index.php?rest_route=\/wp\/v2\/users\/1"}],"replies":[{"embeddable":true,"href":"https:\/\/www.vadib.de\/index.php?rest_route=%2Fwp%2Fv2%2Fcomments&post=9378"}],"version-history":[{"count":1,"href":"https:\/\/www.vadib.de\/index.php?rest_route=\/wp\/v2\/posts\/9378\/revisions"}],"predecessor-version":[{"id":9379,"href":"https:\/\/www.vadib.de\/index.php?rest_route=\/wp\/v2\/posts\/9378\/revisions\/9379"}],"wp:attachment":[{"href":"https:\/\/www.vadib.de\/index.php?rest_route=%2Fwp%2Fv2%2Fmedia&parent=9378"}],"wp:term":[{"taxonomy":"category","embeddable":true,"href":"https:\/\/www.vadib.de\/index.php?rest_route=%2Fwp%2Fv2%2Fcategories&post=9378"},{"taxonomy":"post_tag","embeddable":true,"href":"https:\/\/www.vadib.de\/index.php?rest_route=%2Fwp%2Fv2%2Ftags&post=9378"}],"curies":[{"name":"wp","href":"https:\/\/api.w.org\/{rel}","templated":true}]}}