{"id":9317,"date":"2021-02-12T10:15:43","date_gmt":"2021-02-12T09:15:43","guid":{"rendered":"https:\/\/www.vadib.de\/?p=9317"},"modified":"2021-02-12T10:15:43","modified_gmt":"2021-02-12T09:15:43","slug":"wie-schul-und-kita-oeffnungen-sich-auf-den-arbeitsmarkt-niederschlagen-koennten","status":"publish","type":"post","link":"https:\/\/www.vadib.de\/?p=9317","title":{"rendered":"Wie Schul- und Kita-\u00d6ffnungen sich auf den Arbeitsmarkt niederschlagen k\u00f6nnten"},"content":{"rendered":"\n<div class=\"wp-block-image\"><figure class=\"alignleft size-large is-resized\"><img decoding=\"async\" src=\"https:\/\/www.vadib.de\/wp-content\/uploads\/2018\/08\/Logo_NOZ.png\" alt=\"\" class=\"wp-image-2090\" width=\"140\" srcset=\"https:\/\/www.vadib.de\/wp-content\/uploads\/2018\/08\/Logo_NOZ.png 552w, https:\/\/www.vadib.de\/wp-content\/uploads\/2018\/08\/Logo_NOZ-300x72.png 300w\" sizes=\"(max-width: 552px) 100vw, 552px\" \/><\/figure><\/div>\n\n\n\n<p>Wenn Kitas und Schulen schrittweise wieder ge\u00f6ffnet werden, wie vom Bund-L\u00e4nder-Gipfel beschlossen, k\u00f6nnte sich das nach Einsch\u00e4tzung der Bundesagentur f\u00fcr Arbeit (BA) deutlich auf dem Arbeitsmarkt niederschlagen. Detlef Scheele im Interview.<\/p>\n\n\n\n<p><a href=\"https:\/\/www.noz.de\/deutschland-welt\/politik\/artikel\/2228959\/wie-schul-und-kita-oeffnungen-sich-auf-den-arbeitsmarkt-niederschlagen-koennten\" target=\"_blank\" rel=\"noreferrer noopener\">Beitrag lesen<\/a><\/p>\n","protected":false},"excerpt":{"rendered":"<p>Wenn Kitas und Schulen schrittweise wieder ge\u00f6ffnet werden, wie vom Bund-L\u00e4nder-Gipfel beschlossen, k\u00f6nnte sich das nach Einsch\u00e4tzung der Bundesagentur f\u00fcr Arbeit (BA) deutlich auf dem Arbeitsmarkt niederschlagen. Detlef Scheele im Interview. Beitrag lesen<\/p>\n","protected":false},"author":1,"featured_media":0,"comment_status":"closed","ping_status":"closed","sticky":false,"template":"","format":"standard","meta":{"footnotes":""},"categories":[1],"tags":[],"class_list":["post-9317","post","type-post","status-publish","format-standard","hentry","category-allgemein"],"_links":{"self":[{"href":"https:\/\/www.vadib.de\/index.php?rest_route=\/wp\/v2\/posts\/9317","targetHints":{"allow":["GET"]}}],"collection":[{"href":"https:\/\/www.vadib.de\/index.php?rest_route=\/wp\/v2\/posts"}],"about":[{"href":"https:\/\/www.vadib.de\/index.php?rest_route=\/wp\/v2\/types\/post"}],"author":[{"embeddable":true,"href":"https:\/\/www.vadib.de\/index.php?rest_route=\/wp\/v2\/users\/1"}],"replies":[{"embeddable":true,"href":"https:\/\/www.vadib.de\/index.php?rest_route=%2Fwp%2Fv2%2Fcomments&post=9317"}],"version-history":[{"count":1,"href":"https:\/\/www.vadib.de\/index.php?rest_route=\/wp\/v2\/posts\/9317\/revisions"}],"predecessor-version":[{"id":9318,"href":"https:\/\/www.vadib.de\/index.php?rest_route=\/wp\/v2\/posts\/9317\/revisions\/9318"}],"wp:attachment":[{"href":"https:\/\/www.vadib.de\/index.php?rest_route=%2Fwp%2Fv2%2Fmedia&parent=9317"}],"wp:term":[{"taxonomy":"category","embeddable":true,"href":"https:\/\/www.vadib.de\/index.php?rest_route=%2Fwp%2Fv2%2Fcategories&post=9317"},{"taxonomy":"post_tag","embeddable":true,"href":"https:\/\/www.vadib.de\/index.php?rest_route=%2Fwp%2Fv2%2Ftags&post=9317"}],"curies":[{"name":"wp","href":"https:\/\/api.w.org\/{rel}","templated":true}]}}