{"id":9312,"date":"2021-02-12T09:50:56","date_gmt":"2021-02-12T08:50:56","guid":{"rendered":"https:\/\/www.vadib.de\/?p=9312"},"modified":"2021-02-12T09:50:56","modified_gmt":"2021-02-12T08:50:56","slug":"jens-eckhoff-der-senat-springt-viel-zu-kurz","status":"publish","type":"post","link":"https:\/\/www.vadib.de\/?p=9312","title":{"rendered":"Jens Eckhoff: \u201eDer Senat springt viel zu kurz\u201c"},"content":{"rendered":"\n<div class=\"wp-block-image\"><figure class=\"alignleft size-large is-resized\"><img decoding=\"async\" src=\"https:\/\/www.vadib.de\/wp-content\/uploads\/2018\/12\/Logo_Weser-Kurier.png\" alt=\"\" class=\"wp-image-3195\" width=\"80\"\/><\/figure><\/div>\n\n\n\n<p>Im Interview fordert der CDU-Haushaltspolitiker Jens Eckhoff Vorrang f\u00fcr Bildung, Arbeitspl\u00e4tze und Wissenschaft. Wer sich die Arbeitsmarktf\u00f6rderung in Bremen anschaut, der gewinnt den Eindruck, dass es teilweise nicht darum geht, Menschen ohne Arbeit wieder in Besch\u00e4ftigung zu bringen. Das ist ein Beispiel f\u00fcr Dinge, die wir uns nicht mehr leisten k\u00f6nnen und an die man ran muss.<\/p>\n\n\n\n<p><a href=\"https:\/\/www.weser-kurier.de\/bremen\/bremen-stadt_artikel,-jens-eckhoff-der-senat-springt-viel-zu-kurz-_arid,1958946.html\" target=\"_blank\" rel=\"noreferrer noopener\">Interview lesen<\/a><\/p>\n","protected":false},"excerpt":{"rendered":"<p>Im Interview fordert der CDU-Haushaltspolitiker Jens Eckhoff Vorrang f\u00fcr Bildung, Arbeitspl\u00e4tze und Wissenschaft. Wer sich die Arbeitsmarktf\u00f6rderung in Bremen anschaut, der gewinnt den Eindruck, dass es teilweise nicht darum geht, Menschen ohne Arbeit wieder in Besch\u00e4ftigung zu bringen. Das ist ein Beispiel f\u00fcr Dinge, die wir uns nicht mehr leisten k\u00f6nnen und an die man &hellip; <\/p>\n<p class=\"link-more\"><a href=\"https:\/\/www.vadib.de\/?p=9312\" class=\"more-link\"><span class=\"screen-reader-text\">\u201eJens Eckhoff: \u201eDer Senat springt viel zu kurz\u201c\u201c <\/span>weiterlesen<\/a><\/p>\n","protected":false},"author":1,"featured_media":0,"comment_status":"closed","ping_status":"closed","sticky":false,"template":"","format":"standard","meta":{"footnotes":""},"categories":[1],"tags":[],"class_list":["post-9312","post","type-post","status-publish","format-standard","hentry","category-allgemein"],"_links":{"self":[{"href":"https:\/\/www.vadib.de\/index.php?rest_route=\/wp\/v2\/posts\/9312","targetHints":{"allow":["GET"]}}],"collection":[{"href":"https:\/\/www.vadib.de\/index.php?rest_route=\/wp\/v2\/posts"}],"about":[{"href":"https:\/\/www.vadib.de\/index.php?rest_route=\/wp\/v2\/types\/post"}],"author":[{"embeddable":true,"href":"https:\/\/www.vadib.de\/index.php?rest_route=\/wp\/v2\/users\/1"}],"replies":[{"embeddable":true,"href":"https:\/\/www.vadib.de\/index.php?rest_route=%2Fwp%2Fv2%2Fcomments&post=9312"}],"version-history":[{"count":1,"href":"https:\/\/www.vadib.de\/index.php?rest_route=\/wp\/v2\/posts\/9312\/revisions"}],"predecessor-version":[{"id":9313,"href":"https:\/\/www.vadib.de\/index.php?rest_route=\/wp\/v2\/posts\/9312\/revisions\/9313"}],"wp:attachment":[{"href":"https:\/\/www.vadib.de\/index.php?rest_route=%2Fwp%2Fv2%2Fmedia&parent=9312"}],"wp:term":[{"taxonomy":"category","embeddable":true,"href":"https:\/\/www.vadib.de\/index.php?rest_route=%2Fwp%2Fv2%2Fcategories&post=9312"},{"taxonomy":"post_tag","embeddable":true,"href":"https:\/\/www.vadib.de\/index.php?rest_route=%2Fwp%2Fv2%2Ftags&post=9312"}],"curies":[{"name":"wp","href":"https:\/\/api.w.org\/{rel}","templated":true}]}}