{"id":9306,"date":"2021-02-11T16:35:11","date_gmt":"2021-02-11T15:35:11","guid":{"rendered":"https:\/\/www.vadib.de\/?p=9306"},"modified":"2021-02-11T16:35:11","modified_gmt":"2021-02-11T15:35:11","slug":"sorge-unter-beschaeftigten-vor-corona-bleibt-unveraendert-hoch","status":"publish","type":"post","link":"https:\/\/www.vadib.de\/?p=9306","title":{"rendered":"Sorge unter Besch\u00e4ftigten vor Corona bleibt unver\u00e4ndert hoch"},"content":{"rendered":"\n<div class=\"wp-block-image\"><figure class=\"alignleft size-large is-resized\"><img decoding=\"async\" src=\"https:\/\/www.vadib.de\/wp-content\/uploads\/2018\/10\/Logo_Hans-B\u00f6ckler-Stiftung.png\" alt=\"\" class=\"wp-image-2268\" width=\"120\"\/><\/figure><\/div>\n\n\n\n<p>Im Januar 2021 machte sich jeder dritte befragte Besch\u00e4ftigte Sorgen, sich bei der Arbeit oder auf dem Weg dorthin mit dem Coronavirus zu infizieren. Trotz der inzwischen versch\u00e4rften Corona-Ma\u00dfnahmen entspricht dies dem Niveau der Vormonate und ist eine erhebliche Zunahme gegen\u00fcber den Sommermonaten Juni und Juli (jeweils 25 Prozent), als die Infektionszahlen deutlich niedriger waren.<\/p>\n\n\n\n<p><a href=\"https:\/\/www.boeckler.de\/de\/pressemitteilungen-2675-sorge-unter-beschaftigten-vor-corona-bleibt-unverandert-hoch-30611.htm\" target=\"_blank\" rel=\"noreferrer noopener\">Mitteilung lesen<\/a><\/p>\n","protected":false},"excerpt":{"rendered":"<p>Im Januar 2021 machte sich jeder dritte befragte Besch\u00e4ftigte Sorgen, sich bei der Arbeit oder auf dem Weg dorthin mit dem Coronavirus zu infizieren. Trotz der inzwischen versch\u00e4rften Corona-Ma\u00dfnahmen entspricht dies dem Niveau der Vormonate und ist eine erhebliche Zunahme gegen\u00fcber den Sommermonaten Juni und Juli (jeweils 25 Prozent), als die Infektionszahlen deutlich niedriger waren. &hellip; <\/p>\n<p class=\"link-more\"><a href=\"https:\/\/www.vadib.de\/?p=9306\" class=\"more-link\"><span class=\"screen-reader-text\">\u201eSorge unter Besch\u00e4ftigten vor Corona bleibt unver\u00e4ndert hoch\u201c <\/span>weiterlesen<\/a><\/p>\n","protected":false},"author":1,"featured_media":0,"comment_status":"closed","ping_status":"closed","sticky":false,"template":"","format":"standard","meta":{"footnotes":""},"categories":[1],"tags":[],"class_list":["post-9306","post","type-post","status-publish","format-standard","hentry","category-allgemein"],"_links":{"self":[{"href":"https:\/\/www.vadib.de\/index.php?rest_route=\/wp\/v2\/posts\/9306","targetHints":{"allow":["GET"]}}],"collection":[{"href":"https:\/\/www.vadib.de\/index.php?rest_route=\/wp\/v2\/posts"}],"about":[{"href":"https:\/\/www.vadib.de\/index.php?rest_route=\/wp\/v2\/types\/post"}],"author":[{"embeddable":true,"href":"https:\/\/www.vadib.de\/index.php?rest_route=\/wp\/v2\/users\/1"}],"replies":[{"embeddable":true,"href":"https:\/\/www.vadib.de\/index.php?rest_route=%2Fwp%2Fv2%2Fcomments&post=9306"}],"version-history":[{"count":2,"href":"https:\/\/www.vadib.de\/index.php?rest_route=\/wp\/v2\/posts\/9306\/revisions"}],"predecessor-version":[{"id":9308,"href":"https:\/\/www.vadib.de\/index.php?rest_route=\/wp\/v2\/posts\/9306\/revisions\/9308"}],"wp:attachment":[{"href":"https:\/\/www.vadib.de\/index.php?rest_route=%2Fwp%2Fv2%2Fmedia&parent=9306"}],"wp:term":[{"taxonomy":"category","embeddable":true,"href":"https:\/\/www.vadib.de\/index.php?rest_route=%2Fwp%2Fv2%2Fcategories&post=9306"},{"taxonomy":"post_tag","embeddable":true,"href":"https:\/\/www.vadib.de\/index.php?rest_route=%2Fwp%2Fv2%2Ftags&post=9306"}],"curies":[{"name":"wp","href":"https:\/\/api.w.org\/{rel}","templated":true}]}}