{"id":9302,"date":"2021-02-10T14:14:50","date_gmt":"2021-02-10T13:14:50","guid":{"rendered":"https:\/\/www.vadib.de\/?p=9302"},"modified":"2021-02-10T14:14:50","modified_gmt":"2021-02-10T13:14:50","slug":"koalitionsfraktionen-legen-sozialschutz-paket-iii-vor","status":"publish","type":"post","link":"https:\/\/www.vadib.de\/?p=9302","title":{"rendered":"Koalitionsfraktionen legen Sozialschutz-Paket III vor"},"content":{"rendered":"\n<div class=\"wp-block-image\"><figure class=\"alignleft size-large is-resized\"><img decoding=\"async\" src=\"https:\/\/www.vadib.de\/wp-content\/uploads\/2019\/01\/Logo_Bundestag-3.png\" alt=\"\" class=\"wp-image-3476\" width=\"160\" srcset=\"https:\/\/www.vadib.de\/wp-content\/uploads\/2019\/01\/Logo_Bundestag-3.png 521w, https:\/\/www.vadib.de\/wp-content\/uploads\/2019\/01\/Logo_Bundestag-3-300x56.png 300w\" sizes=\"(max-width: 521px) 100vw, 521px\" \/><\/figure><\/div>\n\n\n\n<p>Die Koalitionsfraktionen wollen Menschen, die Grundsicherung beziehen, w\u00e4hrend der Corona-Pandemie erneut entlasten. CDU\/CSU und SPD haben deshalb einen Gesetzentwurf f\u00fcr ein Sozialschutz-Paket III vorgelegt, der auch Erleichterungen f\u00fcr soziale Dienstleister beinhaltet. Der Sicherstellungsauftrag nach dem SodEG soll bis zum 30. Juni 2021 verl\u00e4ngert werden.<\/p>\n\n\n\n<p><a href=\"https:\/\/dip21.bundestag.de\/dip21\/btd\/19\/265\/1926542.pdf\">Gesetzentwurf lesen<\/a><\/p>\n","protected":false},"excerpt":{"rendered":"<p>Die Koalitionsfraktionen wollen Menschen, die Grundsicherung beziehen, w\u00e4hrend der Corona-Pandemie erneut entlasten. CDU\/CSU und SPD haben deshalb einen Gesetzentwurf f\u00fcr ein Sozialschutz-Paket III vorgelegt, der auch Erleichterungen f\u00fcr soziale Dienstleister beinhaltet. Der Sicherstellungsauftrag nach dem SodEG soll bis zum 30. Juni 2021 verl\u00e4ngert werden. Gesetzentwurf lesen<\/p>\n","protected":false},"author":1,"featured_media":0,"comment_status":"closed","ping_status":"closed","sticky":false,"template":"","format":"standard","meta":{"footnotes":""},"categories":[1],"tags":[],"class_list":["post-9302","post","type-post","status-publish","format-standard","hentry","category-allgemein"],"_links":{"self":[{"href":"https:\/\/www.vadib.de\/index.php?rest_route=\/wp\/v2\/posts\/9302","targetHints":{"allow":["GET"]}}],"collection":[{"href":"https:\/\/www.vadib.de\/index.php?rest_route=\/wp\/v2\/posts"}],"about":[{"href":"https:\/\/www.vadib.de\/index.php?rest_route=\/wp\/v2\/types\/post"}],"author":[{"embeddable":true,"href":"https:\/\/www.vadib.de\/index.php?rest_route=\/wp\/v2\/users\/1"}],"replies":[{"embeddable":true,"href":"https:\/\/www.vadib.de\/index.php?rest_route=%2Fwp%2Fv2%2Fcomments&post=9302"}],"version-history":[{"count":1,"href":"https:\/\/www.vadib.de\/index.php?rest_route=\/wp\/v2\/posts\/9302\/revisions"}],"predecessor-version":[{"id":9303,"href":"https:\/\/www.vadib.de\/index.php?rest_route=\/wp\/v2\/posts\/9302\/revisions\/9303"}],"wp:attachment":[{"href":"https:\/\/www.vadib.de\/index.php?rest_route=%2Fwp%2Fv2%2Fmedia&parent=9302"}],"wp:term":[{"taxonomy":"category","embeddable":true,"href":"https:\/\/www.vadib.de\/index.php?rest_route=%2Fwp%2Fv2%2Fcategories&post=9302"},{"taxonomy":"post_tag","embeddable":true,"href":"https:\/\/www.vadib.de\/index.php?rest_route=%2Fwp%2Fv2%2Ftags&post=9302"}],"curies":[{"name":"wp","href":"https:\/\/api.w.org\/{rel}","templated":true}]}}