{"id":9296,"date":"2021-02-10T11:03:42","date_gmt":"2021-02-10T10:03:42","guid":{"rendered":"https:\/\/www.vadib.de\/?p=9296"},"modified":"2021-02-10T11:03:42","modified_gmt":"2021-02-10T10:03:42","slug":"senat-stimmt-fuer-anhebung-des-landesmindestlohns-auf-zwoelf-euro","status":"publish","type":"post","link":"https:\/\/www.vadib.de\/?p=9296","title":{"rendered":"Senat stimmt f\u00fcr Anhebung des Landesmindestlohns auf zw\u00f6lf Euro"},"content":{"rendered":"\n<div class=\"wp-block-image\"><figure class=\"alignleft size-large is-resized\"><img decoding=\"async\" src=\"https:\/\/www.vadib.de\/wp-content\/uploads\/2019\/12\/Logo_Senat.png\" alt=\"\" class=\"wp-image-5888\" width=\"70\"\/><\/figure><\/div>\n\n\n\n<p>Der Senat der Freien Hansestadt Bremen hat entschieden, den Landesmindestlohn auf zw\u00f6lf Euro je Stunde anzuheben. Zuk\u00fcnftig soll der Landesmindestlohn an das Eingangsentgelt des Tarifvertrags f\u00fcr den \u00f6ffentlichen Dienst der L\u00e4nder (TV-L) gekoppelt werden.<\/p>\n\n\n\n<p><a href=\"https:\/\/www.senatspressestelle.bremen.de\/sixcms\/detail.php?gsid=bremen146.c.351949.de\" target=\"_blank\" rel=\"noreferrer noopener\">Mitteilung lesen<\/a><\/p>\n","protected":false},"excerpt":{"rendered":"<p>Der Senat der Freien Hansestadt Bremen hat entschieden, den Landesmindestlohn auf zw\u00f6lf Euro je Stunde anzuheben. Zuk\u00fcnftig soll der Landesmindestlohn an das Eingangsentgelt des Tarifvertrags f\u00fcr den \u00f6ffentlichen Dienst der L\u00e4nder (TV-L) gekoppelt werden. Mitteilung lesen<\/p>\n","protected":false},"author":1,"featured_media":0,"comment_status":"closed","ping_status":"closed","sticky":false,"template":"","format":"standard","meta":{"footnotes":""},"categories":[1],"tags":[],"class_list":["post-9296","post","type-post","status-publish","format-standard","hentry","category-allgemein"],"_links":{"self":[{"href":"https:\/\/www.vadib.de\/index.php?rest_route=\/wp\/v2\/posts\/9296","targetHints":{"allow":["GET"]}}],"collection":[{"href":"https:\/\/www.vadib.de\/index.php?rest_route=\/wp\/v2\/posts"}],"about":[{"href":"https:\/\/www.vadib.de\/index.php?rest_route=\/wp\/v2\/types\/post"}],"author":[{"embeddable":true,"href":"https:\/\/www.vadib.de\/index.php?rest_route=\/wp\/v2\/users\/1"}],"replies":[{"embeddable":true,"href":"https:\/\/www.vadib.de\/index.php?rest_route=%2Fwp%2Fv2%2Fcomments&post=9296"}],"version-history":[{"count":2,"href":"https:\/\/www.vadib.de\/index.php?rest_route=\/wp\/v2\/posts\/9296\/revisions"}],"predecessor-version":[{"id":9298,"href":"https:\/\/www.vadib.de\/index.php?rest_route=\/wp\/v2\/posts\/9296\/revisions\/9298"}],"wp:attachment":[{"href":"https:\/\/www.vadib.de\/index.php?rest_route=%2Fwp%2Fv2%2Fmedia&parent=9296"}],"wp:term":[{"taxonomy":"category","embeddable":true,"href":"https:\/\/www.vadib.de\/index.php?rest_route=%2Fwp%2Fv2%2Fcategories&post=9296"},{"taxonomy":"post_tag","embeddable":true,"href":"https:\/\/www.vadib.de\/index.php?rest_route=%2Fwp%2Fv2%2Ftags&post=9296"}],"curies":[{"name":"wp","href":"https:\/\/api.w.org\/{rel}","templated":true}]}}