{"id":9291,"date":"2021-02-09T10:42:00","date_gmt":"2021-02-09T09:42:00","guid":{"rendered":"https:\/\/www.vadib.de\/?p=9291"},"modified":"2021-02-10T10:45:04","modified_gmt":"2021-02-10T09:45:04","slug":"ausbildungsplaetze-im-oeffentlichen-dienst-und-in-ausserbetrieblichen-ausbildungsverbuenden-im-land-bremen-2","status":"publish","type":"post","link":"https:\/\/www.vadib.de\/?p=9291","title":{"rendered":"Ausbildungspl\u00e4tze im \u00f6ffentlichen Dienst und in au\u00dferbetrieblichen Ausbildungsverb\u00fcnden im Land Bremen"},"content":{"rendered":"\n<div class=\"wp-block-image\"><figure class=\"alignleft size-large is-resized\"><img decoding=\"async\" src=\"https:\/\/www.vadib.de\/wp-content\/uploads\/2019\/01\/Logo-Bremische-B\u00fcrgerschaft-1.png\" alt=\"\" class=\"wp-image-3633\" width=\"140\"\/><\/figure><\/div>\n\n\n\n<p>Antwort des Senats auf die Kleine Anfrage der Fraktion der SPD in der Bremischen B\u00fcrgerschaft (Landtag)<\/p>\n\n\n\n<p><a href=\"http:\/\/www.bremische-buergerschaft.de\/drs_abo\/2021-02-09_Drs-20-815_849e8.pdf\">Antwort des Senats lesen<\/a><\/p>\n","protected":false},"excerpt":{"rendered":"<p>Antwort des Senats auf die Kleine Anfrage der Fraktion der SPD in der Bremischen B\u00fcrgerschaft (Landtag) Antwort des Senats lesen<\/p>\n","protected":false},"author":1,"featured_media":0,"comment_status":"closed","ping_status":"closed","sticky":false,"template":"","format":"standard","meta":{"footnotes":""},"categories":[1],"tags":[],"class_list":["post-9291","post","type-post","status-publish","format-standard","hentry","category-allgemein"],"_links":{"self":[{"href":"https:\/\/www.vadib.de\/index.php?rest_route=\/wp\/v2\/posts\/9291","targetHints":{"allow":["GET"]}}],"collection":[{"href":"https:\/\/www.vadib.de\/index.php?rest_route=\/wp\/v2\/posts"}],"about":[{"href":"https:\/\/www.vadib.de\/index.php?rest_route=\/wp\/v2\/types\/post"}],"author":[{"embeddable":true,"href":"https:\/\/www.vadib.de\/index.php?rest_route=\/wp\/v2\/users\/1"}],"replies":[{"embeddable":true,"href":"https:\/\/www.vadib.de\/index.php?rest_route=%2Fwp%2Fv2%2Fcomments&post=9291"}],"version-history":[{"count":2,"href":"https:\/\/www.vadib.de\/index.php?rest_route=\/wp\/v2\/posts\/9291\/revisions"}],"predecessor-version":[{"id":9293,"href":"https:\/\/www.vadib.de\/index.php?rest_route=\/wp\/v2\/posts\/9291\/revisions\/9293"}],"wp:attachment":[{"href":"https:\/\/www.vadib.de\/index.php?rest_route=%2Fwp%2Fv2%2Fmedia&parent=9291"}],"wp:term":[{"taxonomy":"category","embeddable":true,"href":"https:\/\/www.vadib.de\/index.php?rest_route=%2Fwp%2Fv2%2Fcategories&post=9291"},{"taxonomy":"post_tag","embeddable":true,"href":"https:\/\/www.vadib.de\/index.php?rest_route=%2Fwp%2Fv2%2Ftags&post=9291"}],"curies":[{"name":"wp","href":"https:\/\/api.w.org\/{rel}","templated":true}]}}