{"id":9288,"date":"2021-02-08T15:48:36","date_gmt":"2021-02-08T14:48:36","guid":{"rendered":"https:\/\/www.vadib.de\/?p=9288"},"modified":"2021-02-08T15:48:36","modified_gmt":"2021-02-08T14:48:36","slug":"schul-und-kitaschliessungen-krankheit-quarantaene-coronabedingte-arbeitsausfaelle-steigen-auf-592-millionen-arbeitstage","status":"publish","type":"post","link":"https:\/\/www.vadib.de\/?p=9288","title":{"rendered":"Schul- und Kitaschlie\u00dfungen, Krankheit, Quarant\u00e4ne \u2013 coronabedingte Arbeitsausf\u00e4lle steigen auf 59,2 Millionen Arbeitstage"},"content":{"rendered":"\n<div class=\"wp-block-image\"><figure class=\"alignleft size-large is-resized\"><img decoding=\"async\" src=\"https:\/\/www.vadib.de\/wp-content\/uploads\/2019\/01\/Logo_IAB.png\" alt=\"\" class=\"wp-image-3724\" width=\"140\" srcset=\"https:\/\/www.vadib.de\/wp-content\/uploads\/2019\/01\/Logo_IAB.png 445w, https:\/\/www.vadib.de\/wp-content\/uploads\/2019\/01\/Logo_IAB-300x76.png 300w\" sizes=\"(max-width: 445px) 100vw, 445px\" \/><\/figure><\/div>\n\n\n\n<p>Bereits mit dem ersten Lockdown im Fr\u00fchjahr 2020 hatte Deutschland einschneidende Ma\u00dfnahmen ergriffen, um das Sars-CoV-2-Virus einzud\u00e4mmen. Dies f\u00fchrte nicht nur zu erheblichen nachfragebedingten Arbeitsausf\u00e4llen aufgrund von Kurzarbeit, sondern auch zu Arbeitszeitausf\u00e4llen auf Seite der Besch\u00e4ftigten durch Schul- und Kitaschlie\u00dfungen, einem erh\u00f6hten Krankenstand und Quarant\u00e4nema\u00dfnahmen.<\/p>\n\n\n\n<p><a href=\"https:\/\/www.iab-forum.de\/schul-und-kitaschliessungen-krankheit-quarantaene-die-coronabedingten-arbeitsausfaelle-der-erwerbstaetigen-steigen-auf-592-millionen-arbeitstage\/\" target=\"_blank\" rel=\"noreferrer noopener\">Beitrag lesen<\/a><\/p>\n","protected":false},"excerpt":{"rendered":"<p>Bereits mit dem ersten Lockdown im Fr\u00fchjahr 2020 hatte Deutschland einschneidende Ma\u00dfnahmen ergriffen, um das Sars-CoV-2-Virus einzud\u00e4mmen. Dies f\u00fchrte nicht nur zu erheblichen nachfragebedingten Arbeitsausf\u00e4llen aufgrund von Kurzarbeit, sondern auch zu Arbeitszeitausf\u00e4llen auf Seite der Besch\u00e4ftigten durch Schul- und Kitaschlie\u00dfungen, einem erh\u00f6hten Krankenstand und Quarant\u00e4nema\u00dfnahmen. Beitrag lesen<\/p>\n","protected":false},"author":1,"featured_media":0,"comment_status":"closed","ping_status":"closed","sticky":false,"template":"","format":"standard","meta":{"footnotes":""},"categories":[1],"tags":[],"class_list":["post-9288","post","type-post","status-publish","format-standard","hentry","category-allgemein"],"_links":{"self":[{"href":"https:\/\/www.vadib.de\/index.php?rest_route=\/wp\/v2\/posts\/9288","targetHints":{"allow":["GET"]}}],"collection":[{"href":"https:\/\/www.vadib.de\/index.php?rest_route=\/wp\/v2\/posts"}],"about":[{"href":"https:\/\/www.vadib.de\/index.php?rest_route=\/wp\/v2\/types\/post"}],"author":[{"embeddable":true,"href":"https:\/\/www.vadib.de\/index.php?rest_route=\/wp\/v2\/users\/1"}],"replies":[{"embeddable":true,"href":"https:\/\/www.vadib.de\/index.php?rest_route=%2Fwp%2Fv2%2Fcomments&post=9288"}],"version-history":[{"count":2,"href":"https:\/\/www.vadib.de\/index.php?rest_route=\/wp\/v2\/posts\/9288\/revisions"}],"predecessor-version":[{"id":9290,"href":"https:\/\/www.vadib.de\/index.php?rest_route=\/wp\/v2\/posts\/9288\/revisions\/9290"}],"wp:attachment":[{"href":"https:\/\/www.vadib.de\/index.php?rest_route=%2Fwp%2Fv2%2Fmedia&parent=9288"}],"wp:term":[{"taxonomy":"category","embeddable":true,"href":"https:\/\/www.vadib.de\/index.php?rest_route=%2Fwp%2Fv2%2Fcategories&post=9288"},{"taxonomy":"post_tag","embeddable":true,"href":"https:\/\/www.vadib.de\/index.php?rest_route=%2Fwp%2Fv2%2Ftags&post=9288"}],"curies":[{"name":"wp","href":"https:\/\/api.w.org\/{rel}","templated":true}]}}