{"id":9263,"date":"2021-02-03T10:12:27","date_gmt":"2021-02-03T09:12:27","guid":{"rendered":"https:\/\/www.vadib.de\/?p=9263"},"modified":"2021-02-03T10:12:27","modified_gmt":"2021-02-03T09:12:27","slug":"bremen-fonds-zur-bewaeltigung-der-folgen-der-corona-pandemie","status":"publish","type":"post","link":"https:\/\/www.vadib.de\/?p=9263","title":{"rendered":"Bremen-Fonds zur Bew\u00e4ltigung der Folgen der Corona-Pandemie"},"content":{"rendered":"\n<div class=\"wp-block-image\"><figure class=\"alignleft size-large is-resized\"><img decoding=\"async\" src=\"https:\/\/www.vadib.de\/wp-content\/uploads\/2019\/12\/Logo_Senat.png\" alt=\"\" class=\"wp-image-5888\" width=\"60\"\/><\/figure><\/div>\n\n\n\n<p>Mit dem 181 Millionen Euro umfassenden Ma\u00dfnahmenpaket des Bremen-Fonds will Bremen die Weichen f\u00fcr die Bew\u00e4ltigung der Corona-Pandemie und f\u00fcr einen Neustart nach der Krise stellen. Unter der \u00dcberschrift &#8222;Aktionsprogramm Soziale Koh\u00e4sion&#8220; sollen auch arbeitsmarktpolitische Ma\u00dfnahmen gef\u00f6rdert werden.<\/p>\n\n\n\n<p><a rel=\"noreferrer noopener\" href=\"https:\/\/www.senatspressestelle.bremen.de\/sixcms\/detail.php?gsid=bremen146.c.351449.de\" target=\"_blank\">Mitteilung lesen<\/a><br><a href=\"https:\/\/www.senatspressestelle.bremen.de\/sixcms\/media.php\/13\/20210202_Senatsvorlage%20Bremen-Fonds%20langfristige%20Massnahmen%20%28beschlossene%20Fassung%29.pdf\">Beschluss des Senats lesen<\/a><br><a href=\"https:\/\/www.senatspressestelle.bremen.de\/sixcms\/media.php\/13\/20210202_Anlage%20neu%20nach%20StR-Konfernez%20-%20Austausch%20%DCbersicht.pdf\">Liste der gef\u00f6rderten Projekte anschauen<\/a><\/p>\n","protected":false},"excerpt":{"rendered":"<p>Mit dem 181 Millionen Euro umfassenden Ma\u00dfnahmenpaket des Bremen-Fonds will Bremen die Weichen f\u00fcr die Bew\u00e4ltigung der Corona-Pandemie und f\u00fcr einen Neustart nach der Krise stellen. Unter der \u00dcberschrift &#8222;Aktionsprogramm Soziale Koh\u00e4sion&#8220; sollen auch arbeitsmarktpolitische Ma\u00dfnahmen gef\u00f6rdert werden. Mitteilung lesenBeschluss des Senats lesenListe der gef\u00f6rderten Projekte anschauen<\/p>\n","protected":false},"author":1,"featured_media":0,"comment_status":"closed","ping_status":"closed","sticky":false,"template":"","format":"standard","meta":{"footnotes":""},"categories":[1],"tags":[],"class_list":["post-9263","post","type-post","status-publish","format-standard","hentry","category-allgemein"],"_links":{"self":[{"href":"https:\/\/www.vadib.de\/index.php?rest_route=\/wp\/v2\/posts\/9263","targetHints":{"allow":["GET"]}}],"collection":[{"href":"https:\/\/www.vadib.de\/index.php?rest_route=\/wp\/v2\/posts"}],"about":[{"href":"https:\/\/www.vadib.de\/index.php?rest_route=\/wp\/v2\/types\/post"}],"author":[{"embeddable":true,"href":"https:\/\/www.vadib.de\/index.php?rest_route=\/wp\/v2\/users\/1"}],"replies":[{"embeddable":true,"href":"https:\/\/www.vadib.de\/index.php?rest_route=%2Fwp%2Fv2%2Fcomments&post=9263"}],"version-history":[{"count":1,"href":"https:\/\/www.vadib.de\/index.php?rest_route=\/wp\/v2\/posts\/9263\/revisions"}],"predecessor-version":[{"id":9264,"href":"https:\/\/www.vadib.de\/index.php?rest_route=\/wp\/v2\/posts\/9263\/revisions\/9264"}],"wp:attachment":[{"href":"https:\/\/www.vadib.de\/index.php?rest_route=%2Fwp%2Fv2%2Fmedia&parent=9263"}],"wp:term":[{"taxonomy":"category","embeddable":true,"href":"https:\/\/www.vadib.de\/index.php?rest_route=%2Fwp%2Fv2%2Fcategories&post=9263"},{"taxonomy":"post_tag","embeddable":true,"href":"https:\/\/www.vadib.de\/index.php?rest_route=%2Fwp%2Fv2%2Ftags&post=9263"}],"curies":[{"name":"wp","href":"https:\/\/api.w.org\/{rel}","templated":true}]}}