{"id":9260,"date":"2021-02-01T13:48:00","date_gmt":"2021-02-01T12:48:00","guid":{"rendered":"https:\/\/www.vadib.de\/?p=9260"},"modified":"2021-02-02T13:48:53","modified_gmt":"2021-02-02T12:48:53","slug":"junge-gefluechtete-brauchen-mehr-denn-je-professionelle-unterstuetzung","status":"publish","type":"post","link":"https:\/\/www.vadib.de\/?p=9260","title":{"rendered":"Junge Gefl\u00fcchtete brauchen mehr denn je professionelle Unterst\u00fctzung"},"content":{"rendered":"\n<div class=\"wp-block-image\"><figure class=\"alignleft size-large is-resized\"><img decoding=\"async\" src=\"https:\/\/www.vadib.de\/wp-content\/uploads\/2019\/01\/Logo_IAB.png\" alt=\"\" class=\"wp-image-3724\" width=\"140\" srcset=\"https:\/\/www.vadib.de\/wp-content\/uploads\/2019\/01\/Logo_IAB.png 445w, https:\/\/www.vadib.de\/wp-content\/uploads\/2019\/01\/Logo_IAB-300x76.png 300w\" sizes=\"(max-width: 445px) 100vw, 445px\" \/><\/figure><\/div>\n\n\n\n<p>Junge Gefl\u00fcchtete d\u00fcrfen auf ihrem Weg in Ausbildung nicht auf sich alleine gestellt sein. Doch in Corona-Zeiten k\u00f6nnen die oft \u00e4lteren Ehrenamtlichen aufgrund des Infektionsrisikos nicht in gewohntem Umfang helfen. Professionelle Unterst\u00fctzungsangebote sind nun wichtiger denn je, um die berufliche Integration zu st\u00e4rken.<\/p>\n\n\n\n<p><a href=\"https:\/\/www.iab-forum.de\/ausbildung-waehrend-der-pandemie-junge-gefluechtete-brauchen-mehr-denn-je-professionelle-unterstuetzung\/\" target=\"_blank\" rel=\"noreferrer noopener\">Beitrag lesen<\/a><\/p>\n","protected":false},"excerpt":{"rendered":"<p>Junge Gefl\u00fcchtete d\u00fcrfen auf ihrem Weg in Ausbildung nicht auf sich alleine gestellt sein. Doch in Corona-Zeiten k\u00f6nnen die oft \u00e4lteren Ehrenamtlichen aufgrund des Infektionsrisikos nicht in gewohntem Umfang helfen. Professionelle Unterst\u00fctzungsangebote sind nun wichtiger denn je, um die berufliche Integration zu st\u00e4rken. Beitrag lesen<\/p>\n","protected":false},"author":1,"featured_media":0,"comment_status":"closed","ping_status":"closed","sticky":false,"template":"","format":"standard","meta":{"footnotes":""},"categories":[1],"tags":[],"class_list":["post-9260","post","type-post","status-publish","format-standard","hentry","category-allgemein"],"_links":{"self":[{"href":"https:\/\/www.vadib.de\/index.php?rest_route=\/wp\/v2\/posts\/9260","targetHints":{"allow":["GET"]}}],"collection":[{"href":"https:\/\/www.vadib.de\/index.php?rest_route=\/wp\/v2\/posts"}],"about":[{"href":"https:\/\/www.vadib.de\/index.php?rest_route=\/wp\/v2\/types\/post"}],"author":[{"embeddable":true,"href":"https:\/\/www.vadib.de\/index.php?rest_route=\/wp\/v2\/users\/1"}],"replies":[{"embeddable":true,"href":"https:\/\/www.vadib.de\/index.php?rest_route=%2Fwp%2Fv2%2Fcomments&post=9260"}],"version-history":[{"count":1,"href":"https:\/\/www.vadib.de\/index.php?rest_route=\/wp\/v2\/posts\/9260\/revisions"}],"predecessor-version":[{"id":9261,"href":"https:\/\/www.vadib.de\/index.php?rest_route=\/wp\/v2\/posts\/9260\/revisions\/9261"}],"wp:attachment":[{"href":"https:\/\/www.vadib.de\/index.php?rest_route=%2Fwp%2Fv2%2Fmedia&parent=9260"}],"wp:term":[{"taxonomy":"category","embeddable":true,"href":"https:\/\/www.vadib.de\/index.php?rest_route=%2Fwp%2Fv2%2Fcategories&post=9260"},{"taxonomy":"post_tag","embeddable":true,"href":"https:\/\/www.vadib.de\/index.php?rest_route=%2Fwp%2Fv2%2Ftags&post=9260"}],"curies":[{"name":"wp","href":"https:\/\/api.w.org\/{rel}","templated":true}]}}