{"id":9255,"date":"2021-01-30T12:55:59","date_gmt":"2021-01-30T11:55:59","guid":{"rendered":"https:\/\/www.vadib.de\/?p=9255"},"modified":"2021-01-30T12:55:59","modified_gmt":"2021-01-30T11:55:59","slug":"weiterbildungspraemie-in-der-kurzarbeit","status":"publish","type":"post","link":"https:\/\/www.vadib.de\/?p=9255","title":{"rendered":"Weiterbildungspr\u00e4mie in der Kurzarbeit"},"content":{"rendered":"\n<div class=\"wp-block-image\"><figure class=\"alignleft size-large is-resized\"><img decoding=\"async\" src=\"https:\/\/www.vadib.de\/wp-content\/uploads\/2019\/02\/Logo_Berliner-Senat.png\" alt=\"\" class=\"wp-image-4058\" width=\"100\" srcset=\"https:\/\/www.vadib.de\/wp-content\/uploads\/2019\/02\/Logo_Berliner-Senat.png 452w, https:\/\/www.vadib.de\/wp-content\/uploads\/2019\/02\/Logo_Berliner-Senat-300x74.png 300w\" sizes=\"(max-width: 452px) 100vw, 452px\" \/><\/figure><\/div>\n\n\n\n<p>Zur Abmilderung der negativen Auswirkungen der Corona-Pandemie auf den Arbeitsmarkt in Berlin finanziert das Land Berlin ein v\u00f6llig neues F\u00f6rderinstrument: Die \u201eBerliner Weiterbildungspr\u00e4mie\u201c zur Unterst\u00fctzung f\u00fcr alle, die w\u00e4hrend der Zeit ihrer Kurzarbeit eine Qualifizierung absolvieren, die von der Bundesagentur f\u00fcr Arbeit gef\u00f6rdert wird.<\/p>\n\n\n\n<p><a href=\"https:\/\/www.berlin.de\/sen\/arbeit\/weiterbildung\/weiterbildungspraemie-kug\/\" target=\"_blank\" rel=\"noreferrer noopener\">Mitteilung lesen<\/a><\/p>\n","protected":false},"excerpt":{"rendered":"<p>Zur Abmilderung der negativen Auswirkungen der Corona-Pandemie auf den Arbeitsmarkt in Berlin finanziert das Land Berlin ein v\u00f6llig neues F\u00f6rderinstrument: Die \u201eBerliner Weiterbildungspr\u00e4mie\u201c zur Unterst\u00fctzung f\u00fcr alle, die w\u00e4hrend der Zeit ihrer Kurzarbeit eine Qualifizierung absolvieren, die von der Bundesagentur f\u00fcr Arbeit gef\u00f6rdert wird. Mitteilung lesen<\/p>\n","protected":false},"author":1,"featured_media":0,"comment_status":"closed","ping_status":"closed","sticky":false,"template":"","format":"standard","meta":{"footnotes":""},"categories":[1],"tags":[],"class_list":["post-9255","post","type-post","status-publish","format-standard","hentry","category-allgemein"],"_links":{"self":[{"href":"https:\/\/www.vadib.de\/index.php?rest_route=\/wp\/v2\/posts\/9255","targetHints":{"allow":["GET"]}}],"collection":[{"href":"https:\/\/www.vadib.de\/index.php?rest_route=\/wp\/v2\/posts"}],"about":[{"href":"https:\/\/www.vadib.de\/index.php?rest_route=\/wp\/v2\/types\/post"}],"author":[{"embeddable":true,"href":"https:\/\/www.vadib.de\/index.php?rest_route=\/wp\/v2\/users\/1"}],"replies":[{"embeddable":true,"href":"https:\/\/www.vadib.de\/index.php?rest_route=%2Fwp%2Fv2%2Fcomments&post=9255"}],"version-history":[{"count":1,"href":"https:\/\/www.vadib.de\/index.php?rest_route=\/wp\/v2\/posts\/9255\/revisions"}],"predecessor-version":[{"id":9256,"href":"https:\/\/www.vadib.de\/index.php?rest_route=\/wp\/v2\/posts\/9255\/revisions\/9256"}],"wp:attachment":[{"href":"https:\/\/www.vadib.de\/index.php?rest_route=%2Fwp%2Fv2%2Fmedia&parent=9255"}],"wp:term":[{"taxonomy":"category","embeddable":true,"href":"https:\/\/www.vadib.de\/index.php?rest_route=%2Fwp%2Fv2%2Fcategories&post=9255"},{"taxonomy":"post_tag","embeddable":true,"href":"https:\/\/www.vadib.de\/index.php?rest_route=%2Fwp%2Fv2%2Ftags&post=9255"}],"curies":[{"name":"wp","href":"https:\/\/api.w.org\/{rel}","templated":true}]}}