{"id":9225,"date":"2021-01-29T15:01:25","date_gmt":"2021-01-29T14:01:25","guid":{"rendered":"https:\/\/www.vadib.de\/?p=9225"},"modified":"2021-01-29T15:02:48","modified_gmt":"2021-01-29T14:02:48","slug":"arbeitsuchende-arbeitslose-erwerbsfaehige-leistungsberechtigte-laendervergleich-dezember-2017-3-2-2-2-3-3-3-2-4-2-3-3-3-4-2-3-3-3-3-3-3-2-4-3-2-3-2-3-2-3-3-4","status":"publish","type":"post","link":"https:\/\/www.vadib.de\/?p=9225","title":{"rendered":"Arbeitsuchende, Arbeitslose, erwerbsf\u00e4hige Leistungsberechtigte: L\u00e4ndervergleich Januar 2021 (mit bremischen St\u00e4dten)"},"content":{"rendered":"\n<div class=\"wp-block-image\"><figure class=\"alignleft is-resized\"><img decoding=\"async\" src=\"https:\/\/www.vadib.de\/wp-content\/uploads\/2018\/11\/Logo_BIAJ.png\" alt=\"\" class=\"wp-image-2905\" width=\"140\"\/><\/figure><\/div>\n\n\n\n<p>Die aktuellen Daten f\u00fcr Januar 2021, zusammengestellt vom Bremer Institut f\u00fcr Arbeitsmarktforschung und Jugendberufshilfe (BIAJ).<\/p>\n\n\n\n<p><a href=\"http:\/\/biaj.de\/archiv-kurzmitteilungen\/1490-arbeitsuchende-arbeitslose-erwerbsfaehige-leistungsberechtigte-laendervergleich-januar-2021-mit-bremischen-staedten.html\" target=\"_blank\" rel=\"noreferrer noopener\">Beitrag lesen<\/a><\/p>\n","protected":false},"excerpt":{"rendered":"<p>Die aktuellen Daten f\u00fcr Januar 2021, zusammengestellt vom Bremer Institut f\u00fcr Arbeitsmarktforschung und Jugendberufshilfe (BIAJ). Beitrag lesen<\/p>\n","protected":false},"author":1,"featured_media":0,"comment_status":"open","ping_status":"closed","sticky":false,"template":"","format":"standard","meta":{"footnotes":""},"categories":[1],"tags":[],"class_list":["post-9225","post","type-post","status-publish","format-standard","hentry","category-allgemein"],"_links":{"self":[{"href":"https:\/\/www.vadib.de\/index.php?rest_route=\/wp\/v2\/posts\/9225","targetHints":{"allow":["GET"]}}],"collection":[{"href":"https:\/\/www.vadib.de\/index.php?rest_route=\/wp\/v2\/posts"}],"about":[{"href":"https:\/\/www.vadib.de\/index.php?rest_route=\/wp\/v2\/types\/post"}],"author":[{"embeddable":true,"href":"https:\/\/www.vadib.de\/index.php?rest_route=\/wp\/v2\/users\/1"}],"replies":[{"embeddable":true,"href":"https:\/\/www.vadib.de\/index.php?rest_route=%2Fwp%2Fv2%2Fcomments&post=9225"}],"version-history":[{"count":2,"href":"https:\/\/www.vadib.de\/index.php?rest_route=\/wp\/v2\/posts\/9225\/revisions"}],"predecessor-version":[{"id":9227,"href":"https:\/\/www.vadib.de\/index.php?rest_route=\/wp\/v2\/posts\/9225\/revisions\/9227"}],"wp:attachment":[{"href":"https:\/\/www.vadib.de\/index.php?rest_route=%2Fwp%2Fv2%2Fmedia&parent=9225"}],"wp:term":[{"taxonomy":"category","embeddable":true,"href":"https:\/\/www.vadib.de\/index.php?rest_route=%2Fwp%2Fv2%2Fcategories&post=9225"},{"taxonomy":"post_tag","embeddable":true,"href":"https:\/\/www.vadib.de\/index.php?rest_route=%2Fwp%2Fv2%2Ftags&post=9225"}],"curies":[{"name":"wp","href":"https:\/\/api.w.org\/{rel}","templated":true}]}}