{"id":9221,"date":"2021-01-29T10:25:03","date_gmt":"2021-01-29T09:25:03","guid":{"rendered":"https:\/\/www.vadib.de\/?p=9221"},"modified":"2021-01-29T10:25:03","modified_gmt":"2021-01-29T09:25:03","slug":"neues-feature-auf-meine-berufserfahrung-de-unterstuetzt-die-berufsauswahl-2","status":"publish","type":"post","link":"https:\/\/www.vadib.de\/?p=9221","title":{"rendered":"Unternehmen rechnen auch f\u00fcr 2021 mit Fachkr\u00e4fteengp\u00e4ssen"},"content":{"rendered":"\n<div class=\"wp-block-image\"><figure class=\"alignleft size-large is-resized\"><img decoding=\"async\" src=\"https:\/\/www.vadib.de\/wp-content\/uploads\/2018\/12\/Logo_Bertelsmann-Stiftung.png\" alt=\"\" class=\"wp-image-3271\" width=\"140\" srcset=\"https:\/\/www.vadib.de\/wp-content\/uploads\/2018\/12\/Logo_Bertelsmann-Stiftung.png 600w, https:\/\/www.vadib.de\/wp-content\/uploads\/2018\/12\/Logo_Bertelsmann-Stiftung-300x52.png 300w\" sizes=\"(max-width: 600px) 100vw, 600px\" \/><\/figure><\/div>\n\n\n\n<p>Der Fachkr\u00e4ftemangel in der Bundesrepublik bleibt auch in Zeiten der Corona-Pandemie eine Herausforderung f\u00fcr die deutsche Wirtschaft. Das zeigt der aktuelle Fachkr\u00e4ftemigrationsmonitor der Bertelsmann Stiftung, der eine Umfrage bei Entscheider:innen in Unternehmen umfasst.<\/p>\n\n\n\n<p><a href=\"https:\/\/www.bertelsmann-stiftung.de\/de\/themen\/aktuelle-meldungen\/2021\/januar\/trotz-corona-unternehmen-rechnen-auch-fuer-2021-mit-fachkraefteengpaessen\" target=\"_blank\" rel=\"noreferrer noopener\">Mitteilung lesen<\/a><\/p>\n","protected":false},"excerpt":{"rendered":"<p>Der Fachkr\u00e4ftemangel in der Bundesrepublik bleibt auch in Zeiten der Corona-Pandemie eine Herausforderung f\u00fcr die deutsche Wirtschaft. Das zeigt der aktuelle Fachkr\u00e4ftemigrationsmonitor der Bertelsmann Stiftung, der eine Umfrage bei Entscheider:innen in Unternehmen umfasst. Mitteilung lesen<\/p>\n","protected":false},"author":1,"featured_media":0,"comment_status":"closed","ping_status":"closed","sticky":false,"template":"","format":"standard","meta":{"footnotes":""},"categories":[1],"tags":[],"class_list":["post-9221","post","type-post","status-publish","format-standard","hentry","category-allgemein"],"_links":{"self":[{"href":"https:\/\/www.vadib.de\/index.php?rest_route=\/wp\/v2\/posts\/9221","targetHints":{"allow":["GET"]}}],"collection":[{"href":"https:\/\/www.vadib.de\/index.php?rest_route=\/wp\/v2\/posts"}],"about":[{"href":"https:\/\/www.vadib.de\/index.php?rest_route=\/wp\/v2\/types\/post"}],"author":[{"embeddable":true,"href":"https:\/\/www.vadib.de\/index.php?rest_route=\/wp\/v2\/users\/1"}],"replies":[{"embeddable":true,"href":"https:\/\/www.vadib.de\/index.php?rest_route=%2Fwp%2Fv2%2Fcomments&post=9221"}],"version-history":[{"count":1,"href":"https:\/\/www.vadib.de\/index.php?rest_route=\/wp\/v2\/posts\/9221\/revisions"}],"predecessor-version":[{"id":9222,"href":"https:\/\/www.vadib.de\/index.php?rest_route=\/wp\/v2\/posts\/9221\/revisions\/9222"}],"wp:attachment":[{"href":"https:\/\/www.vadib.de\/index.php?rest_route=%2Fwp%2Fv2%2Fmedia&parent=9221"}],"wp:term":[{"taxonomy":"category","embeddable":true,"href":"https:\/\/www.vadib.de\/index.php?rest_route=%2Fwp%2Fv2%2Fcategories&post=9221"},{"taxonomy":"post_tag","embeddable":true,"href":"https:\/\/www.vadib.de\/index.php?rest_route=%2Fwp%2Fv2%2Ftags&post=9221"}],"curies":[{"name":"wp","href":"https:\/\/api.w.org\/{rel}","templated":true}]}}