{"id":9219,"date":"2021-01-29T10:21:48","date_gmt":"2021-01-29T09:21:48","guid":{"rendered":"https:\/\/www.vadib.de\/?p=9219"},"modified":"2021-01-29T10:21:48","modified_gmt":"2021-01-29T09:21:48","slug":"der-arbeitsmarkt-im-januar-2021","status":"publish","type":"post","link":"https:\/\/www.vadib.de\/?p=9219","title":{"rendered":"Der Arbeitsmarkt im Januar 2021"},"content":{"rendered":"\n<div class=\"wp-block-image\"><figure class=\"alignleft size-large is-resized\"><img decoding=\"async\" src=\"https:\/\/www.vadib.de\/wp-content\/uploads\/2018\/10\/Logo_Bundesagentur.png\" alt=\"\" class=\"wp-image-2413\" width=\"140\"\/><\/figure><\/div>\n\n\n\n<p>\u201eDer Arbeitsmarkt zeigte sich im Januar alles in allem weiter in einer robusten Verfassung. Die Ma\u00dfnahmen zur Eind\u00e4mmung der Corona-Pandemie hinterlassen aber Spuren.\u201c, sagte der Vorstandsvorsitzende der Bundesagentur f\u00fcr Arbeit (BA), Detlef Scheele, heute anl\u00e4sslich der monatlichen Pressekonferenz in N\u00fcrnberg.<\/p>\n\n\n\n<p><a href=\"https:\/\/www.arbeitsagentur.de\/presse\/2021-05-der-arbeitsmarkt-im-januar-2021\" target=\"_blank\" rel=\"noreferrer noopener\">Mitteilung lesen<\/a><\/p>\n","protected":false},"excerpt":{"rendered":"<p>\u201eDer Arbeitsmarkt zeigte sich im Januar alles in allem weiter in einer robusten Verfassung. Die Ma\u00dfnahmen zur Eind\u00e4mmung der Corona-Pandemie hinterlassen aber Spuren.\u201c, sagte der Vorstandsvorsitzende der Bundesagentur f\u00fcr Arbeit (BA), Detlef Scheele, heute anl\u00e4sslich der monatlichen Pressekonferenz in N\u00fcrnberg. Mitteilung lesen<\/p>\n","protected":false},"author":1,"featured_media":0,"comment_status":"closed","ping_status":"closed","sticky":false,"template":"","format":"standard","meta":{"footnotes":""},"categories":[1],"tags":[],"class_list":["post-9219","post","type-post","status-publish","format-standard","hentry","category-allgemein"],"_links":{"self":[{"href":"https:\/\/www.vadib.de\/index.php?rest_route=\/wp\/v2\/posts\/9219","targetHints":{"allow":["GET"]}}],"collection":[{"href":"https:\/\/www.vadib.de\/index.php?rest_route=\/wp\/v2\/posts"}],"about":[{"href":"https:\/\/www.vadib.de\/index.php?rest_route=\/wp\/v2\/types\/post"}],"author":[{"embeddable":true,"href":"https:\/\/www.vadib.de\/index.php?rest_route=\/wp\/v2\/users\/1"}],"replies":[{"embeddable":true,"href":"https:\/\/www.vadib.de\/index.php?rest_route=%2Fwp%2Fv2%2Fcomments&post=9219"}],"version-history":[{"count":1,"href":"https:\/\/www.vadib.de\/index.php?rest_route=\/wp\/v2\/posts\/9219\/revisions"}],"predecessor-version":[{"id":9220,"href":"https:\/\/www.vadib.de\/index.php?rest_route=\/wp\/v2\/posts\/9219\/revisions\/9220"}],"wp:attachment":[{"href":"https:\/\/www.vadib.de\/index.php?rest_route=%2Fwp%2Fv2%2Fmedia&parent=9219"}],"wp:term":[{"taxonomy":"category","embeddable":true,"href":"https:\/\/www.vadib.de\/index.php?rest_route=%2Fwp%2Fv2%2Fcategories&post=9219"},{"taxonomy":"post_tag","embeddable":true,"href":"https:\/\/www.vadib.de\/index.php?rest_route=%2Fwp%2Fv2%2Ftags&post=9219"}],"curies":[{"name":"wp","href":"https:\/\/api.w.org\/{rel}","templated":true}]}}