{"id":9202,"date":"2021-01-27T10:27:11","date_gmt":"2021-01-27T09:27:11","guid":{"rendered":"https:\/\/www.vadib.de\/?p=9202"},"modified":"2021-01-27T10:27:11","modified_gmt":"2021-01-27T09:27:11","slug":"zahl-der-erwerbstaetigen-2020-um-12-prozent-zurueckgegangen","status":"publish","type":"post","link":"https:\/\/www.vadib.de\/?p=9202","title":{"rendered":"Zahl der Erwerbst\u00e4tigen 2020 um 1,2 Prozent zur\u00fcckgegangen"},"content":{"rendered":"\n<div class=\"wp-block-image\"><figure class=\"alignleft size-large is-resized\"><img decoding=\"async\" src=\"https:\/\/www.vadib.de\/wp-content\/uploads\/2019\/12\/Logo_Senat.png\" alt=\"\" class=\"wp-image-5888\" width=\"80\"\/><\/figure><\/div>\n\n\n\n<p>Nach Mitteilung des Statistischen Landesamtes und vorl\u00e4ufigen Berechnungen des Arbeitskreises &#8222;Erwerbst\u00e4tigenrechnung des Bundes und der L\u00e4nder&#8220; kam es im Jahr 2020 zu einem Minus bei der Zahl der Erwerbst\u00e4tigen im Land Bremen.<\/p>\n\n\n\n<p><a href=\"https:\/\/www.senatspressestelle.bremen.de\/sixcms\/detail.php?gsid=bremen146.c.351098.de\" target=\"_blank\" rel=\"noreferrer noopener\">Beitrag lesen<\/a><\/p>\n","protected":false},"excerpt":{"rendered":"<p>Nach Mitteilung des Statistischen Landesamtes und vorl\u00e4ufigen Berechnungen des Arbeitskreises &#8222;Erwerbst\u00e4tigenrechnung des Bundes und der L\u00e4nder&#8220; kam es im Jahr 2020 zu einem Minus bei der Zahl der Erwerbst\u00e4tigen im Land Bremen. Beitrag lesen<\/p>\n","protected":false},"author":1,"featured_media":0,"comment_status":"closed","ping_status":"closed","sticky":false,"template":"","format":"standard","meta":{"footnotes":""},"categories":[1],"tags":[],"class_list":["post-9202","post","type-post","status-publish","format-standard","hentry","category-allgemein"],"_links":{"self":[{"href":"https:\/\/www.vadib.de\/index.php?rest_route=\/wp\/v2\/posts\/9202","targetHints":{"allow":["GET"]}}],"collection":[{"href":"https:\/\/www.vadib.de\/index.php?rest_route=\/wp\/v2\/posts"}],"about":[{"href":"https:\/\/www.vadib.de\/index.php?rest_route=\/wp\/v2\/types\/post"}],"author":[{"embeddable":true,"href":"https:\/\/www.vadib.de\/index.php?rest_route=\/wp\/v2\/users\/1"}],"replies":[{"embeddable":true,"href":"https:\/\/www.vadib.de\/index.php?rest_route=%2Fwp%2Fv2%2Fcomments&post=9202"}],"version-history":[{"count":3,"href":"https:\/\/www.vadib.de\/index.php?rest_route=\/wp\/v2\/posts\/9202\/revisions"}],"predecessor-version":[{"id":9205,"href":"https:\/\/www.vadib.de\/index.php?rest_route=\/wp\/v2\/posts\/9202\/revisions\/9205"}],"wp:attachment":[{"href":"https:\/\/www.vadib.de\/index.php?rest_route=%2Fwp%2Fv2%2Fmedia&parent=9202"}],"wp:term":[{"taxonomy":"category","embeddable":true,"href":"https:\/\/www.vadib.de\/index.php?rest_route=%2Fwp%2Fv2%2Fcategories&post=9202"},{"taxonomy":"post_tag","embeddable":true,"href":"https:\/\/www.vadib.de\/index.php?rest_route=%2Fwp%2Fv2%2Ftags&post=9202"}],"curies":[{"name":"wp","href":"https:\/\/api.w.org\/{rel}","templated":true}]}}