{"id":9198,"date":"2021-01-26T12:12:56","date_gmt":"2021-01-26T11:12:56","guid":{"rendered":"https:\/\/www.vadib.de\/?p=9198"},"modified":"2021-01-26T12:12:56","modified_gmt":"2021-01-26T11:12:56","slug":"einfach-ueber-den-daumen-gepeilt-kann-man-nicht-die-regelsaetze-erhoehen","status":"publish","type":"post","link":"https:\/\/www.vadib.de\/?p=9198","title":{"rendered":"\u201eEinfach \u00fcber den Daumen gepeilt kann man nicht die Regels\u00e4tze erh\u00f6hen\u201c"},"content":{"rendered":"\n<div class=\"wp-block-image\"><figure class=\"alignleft size-large is-resized\"><img decoding=\"async\" src=\"https:\/\/www.vadib.de\/wp-content\/uploads\/2019\/01\/Logo_Deutschlandfunk-1.png\" alt=\"\" class=\"wp-image-3453\" width=\"120\"\/><\/figure><\/div>\n\n\n\n<p>Gewerkschaften und Sozialverb\u00e4nde fordern eine Anhebung der Hartz-IV-Regels\u00e4tze wegen aktueller Extrakosten etwa f\u00fcr Masken. Doch die Grundsicherung sei kein Willk\u00fcrsystem, wo man einfach etwas drauflegen k\u00f6nne, sagte CDU-Sozialpolitiker Peter Wei\u00df im Deutschlandfunk (Dlf.) <\/p>\n\n\n\n<p><a href=\"https:\/\/www.deutschlandfunk.de\/hartz-iv-und-corona-zusatzkosten-einfach-ueber-den-daumen.694.de.html?dram:article_id=491412\" target=\"_blank\" rel=\"noreferrer noopener\">Interview lesen und h\u00f6ren<\/a><\/p>\n","protected":false},"excerpt":{"rendered":"<p>Gewerkschaften und Sozialverb\u00e4nde fordern eine Anhebung der Hartz-IV-Regels\u00e4tze wegen aktueller Extrakosten etwa f\u00fcr Masken. Doch die Grundsicherung sei kein Willk\u00fcrsystem, wo man einfach etwas drauflegen k\u00f6nne, sagte CDU-Sozialpolitiker Peter Wei\u00df im Deutschlandfunk (Dlf.) Interview lesen und h\u00f6ren<\/p>\n","protected":false},"author":1,"featured_media":0,"comment_status":"closed","ping_status":"closed","sticky":false,"template":"","format":"standard","meta":{"footnotes":""},"categories":[1],"tags":[],"class_list":["post-9198","post","type-post","status-publish","format-standard","hentry","category-allgemein"],"_links":{"self":[{"href":"https:\/\/www.vadib.de\/index.php?rest_route=\/wp\/v2\/posts\/9198","targetHints":{"allow":["GET"]}}],"collection":[{"href":"https:\/\/www.vadib.de\/index.php?rest_route=\/wp\/v2\/posts"}],"about":[{"href":"https:\/\/www.vadib.de\/index.php?rest_route=\/wp\/v2\/types\/post"}],"author":[{"embeddable":true,"href":"https:\/\/www.vadib.de\/index.php?rest_route=\/wp\/v2\/users\/1"}],"replies":[{"embeddable":true,"href":"https:\/\/www.vadib.de\/index.php?rest_route=%2Fwp%2Fv2%2Fcomments&post=9198"}],"version-history":[{"count":3,"href":"https:\/\/www.vadib.de\/index.php?rest_route=\/wp\/v2\/posts\/9198\/revisions"}],"predecessor-version":[{"id":9201,"href":"https:\/\/www.vadib.de\/index.php?rest_route=\/wp\/v2\/posts\/9198\/revisions\/9201"}],"wp:attachment":[{"href":"https:\/\/www.vadib.de\/index.php?rest_route=%2Fwp%2Fv2%2Fmedia&parent=9198"}],"wp:term":[{"taxonomy":"category","embeddable":true,"href":"https:\/\/www.vadib.de\/index.php?rest_route=%2Fwp%2Fv2%2Fcategories&post=9198"},{"taxonomy":"post_tag","embeddable":true,"href":"https:\/\/www.vadib.de\/index.php?rest_route=%2Fwp%2Fv2%2Ftags&post=9198"}],"curies":[{"name":"wp","href":"https:\/\/api.w.org\/{rel}","templated":true}]}}