{"id":9194,"date":"2021-01-26T12:05:43","date_gmt":"2021-01-26T11:05:43","guid":{"rendered":"https:\/\/www.vadib.de\/?p=9194"},"modified":"2021-01-26T12:05:43","modified_gmt":"2021-01-26T11:05:43","slug":"ilo-prognostiziert-schwierige-und-uneinheitliche-erholung-nach-der-arbeitsmarktkrise","status":"publish","type":"post","link":"https:\/\/www.vadib.de\/?p=9194","title":{"rendered":"ILO prognostiziert schwierige und uneinheitliche Erholung nach der Arbeitsmarktkrise"},"content":{"rendered":"\n<div class=\"wp-block-image\"><figure class=\"alignleft size-large is-resized\"><img decoding=\"async\" src=\"https:\/\/www.vadib.de\/wp-content\/uploads\/2021\/01\/Logo_ILO.png\" alt=\"\" class=\"wp-image-9195\" width=\"80\"\/><\/figure><\/div>\n\n\n\n<p>Die j\u00fcngste Analyse der International Labour Organiszation (ILO) zu den Auswirkungen von COVID-19 auf globale Arbeitsm\u00e4rkte zeigt massive Verluste bei Arbeitszeit und Einkommen. Die Erholung in 2021 wird schleppend, ungleichm\u00e4\u00dfig verteilt und ungewiss verlaufen, wenn politische Ma\u00dfnahmen sind auf die z\u00fcgige Verbesserungen f\u00fcr Menschen ausgerichtet sind.<\/p>\n\n\n\n<p><a href=\"https:\/\/www.ilo.org\/berlin\/presseinformationen\/WCMS_766948\/lang--de\/index.htm\" target=\"_blank\" rel=\"noreferrer noopener\">Mitteilung lesen<\/a><\/p>\n","protected":false},"excerpt":{"rendered":"<p>Die j\u00fcngste Analyse der International Labour Organiszation (ILO) zu den Auswirkungen von COVID-19 auf globale Arbeitsm\u00e4rkte zeigt massive Verluste bei Arbeitszeit und Einkommen. Die Erholung in 2021 wird schleppend, ungleichm\u00e4\u00dfig verteilt und ungewiss verlaufen, wenn politische Ma\u00dfnahmen sind auf die z\u00fcgige Verbesserungen f\u00fcr Menschen ausgerichtet sind. Mitteilung lesen<\/p>\n","protected":false},"author":1,"featured_media":0,"comment_status":"closed","ping_status":"closed","sticky":false,"template":"","format":"standard","meta":{"footnotes":""},"categories":[1],"tags":[],"class_list":["post-9194","post","type-post","status-publish","format-standard","hentry","category-allgemein"],"_links":{"self":[{"href":"https:\/\/www.vadib.de\/index.php?rest_route=\/wp\/v2\/posts\/9194","targetHints":{"allow":["GET"]}}],"collection":[{"href":"https:\/\/www.vadib.de\/index.php?rest_route=\/wp\/v2\/posts"}],"about":[{"href":"https:\/\/www.vadib.de\/index.php?rest_route=\/wp\/v2\/types\/post"}],"author":[{"embeddable":true,"href":"https:\/\/www.vadib.de\/index.php?rest_route=\/wp\/v2\/users\/1"}],"replies":[{"embeddable":true,"href":"https:\/\/www.vadib.de\/index.php?rest_route=%2Fwp%2Fv2%2Fcomments&post=9194"}],"version-history":[{"count":2,"href":"https:\/\/www.vadib.de\/index.php?rest_route=\/wp\/v2\/posts\/9194\/revisions"}],"predecessor-version":[{"id":9197,"href":"https:\/\/www.vadib.de\/index.php?rest_route=\/wp\/v2\/posts\/9194\/revisions\/9197"}],"wp:attachment":[{"href":"https:\/\/www.vadib.de\/index.php?rest_route=%2Fwp%2Fv2%2Fmedia&parent=9194"}],"wp:term":[{"taxonomy":"category","embeddable":true,"href":"https:\/\/www.vadib.de\/index.php?rest_route=%2Fwp%2Fv2%2Fcategories&post=9194"},{"taxonomy":"post_tag","embeddable":true,"href":"https:\/\/www.vadib.de\/index.php?rest_route=%2Fwp%2Fv2%2Ftags&post=9194"}],"curies":[{"name":"wp","href":"https:\/\/api.w.org\/{rel}","templated":true}]}}