{"id":3516,"date":"2019-01-09T10:20:13","date_gmt":"2019-01-09T09:20:13","guid":{"rendered":"https:\/\/www.vadib.de\/?p=3516"},"modified":"2019-01-09T14:03:11","modified_gmt":"2019-01-09T13:03:11","slug":"unesco-weltbildungsbericht-lobt-deutschlands-sprachfoerderung-bei-gefluechteten","status":"publish","type":"post","link":"https:\/\/www.vadib.de\/?p=3516","title":{"rendered":"Unesco-Weltbildungsbericht lobt Deutschlands Sprachf\u00f6rderung bei Gefl\u00fcchteten"},"content":{"rendered":"\n<div class=\"wp-block-image\"><figure class=\"alignleft is-resized\"><img decoding=\"async\" src=\"https:\/\/www.vadib.de\/wp-content\/uploads\/2018\/05\/images-300x168.png\" alt=\"\" class=\"wp-image-1633\" width=\"80\"\/><\/figure><\/div>\n\n\n\n<p><span class=\"body\" role=\"main\">Das zeigt der <mark>Unesco<\/mark>-Weltbildungsbericht f\u00fcr das Jahr 2019 \u201eBr\u00fccken bauen statt Mauern\u201c, der im November vorgestellt wurde. Deutschland hat laut dem Bericht gute Fortschritte gemacht, Kinder und Jugendliche mit Fluchtgeschichte in die hiesigen Bildungsangebote aufzunehmen. <\/span><\/p>\n\n\n\n<p><span class=\"body\" role=\"main\">Ausdr\u00fccklich gelobt wird die Deutschland f\u00fcr die intensive Sprachf\u00f6rderung, schreibt die tageszeitung (taz).<\/span><\/p>\n\n\n\n<p><a rel=\"noreferrer noopener\" aria-label=\"Betrag lesen (\u00f6ffnet in neuem Tab)\" href=\"https:\/\/www.taz.de\/Archiv-Suche\/!5561101&amp;s=unesco&amp;SuchRahmen=Print\/\" target=\"_blank\">Beitrag lesen<\/a><br><br><a rel=\"noreferrer noopener\" aria-label=\"Interview mit Yasemin Karaka\u015fo\u01e7lu lesen (\u00f6ffnet in neuem Tab)\" href=\"https:\/\/www.taz.de\/Archiv-Suche\/!5564287&amp;s=unesco&amp;SuchRahmen=Print\/\" target=\"_blank\">Interview mit Yasemin Karaka\u015fo\u01e7lu lesen<\/a><\/p>\n","protected":false},"excerpt":{"rendered":"<p>Das zeigt der Unesco-Weltbildungsbericht f\u00fcr das Jahr 2019 \u201eBr\u00fccken bauen statt Mauern\u201c, der im November vorgestellt wurde. Deutschland hat laut dem Bericht gute Fortschritte gemacht, Kinder und Jugendliche mit Fluchtgeschichte in die hiesigen Bildungsangebote aufzunehmen. Ausdr\u00fccklich gelobt wird die Deutschland f\u00fcr die intensive Sprachf\u00f6rderung, schreibt die tageszeitung (taz). Beitrag lesen Interview mit Yasemin Karaka\u015fo\u01e7lu lesen<\/p>\n","protected":false},"author":1,"featured_media":0,"comment_status":"open","ping_status":"closed","sticky":false,"template":"","format":"standard","meta":{"footnotes":""},"categories":[1],"tags":[],"class_list":["post-3516","post","type-post","status-publish","format-standard","hentry","category-allgemein"],"_links":{"self":[{"href":"https:\/\/www.vadib.de\/index.php?rest_route=\/wp\/v2\/posts\/3516","targetHints":{"allow":["GET"]}}],"collection":[{"href":"https:\/\/www.vadib.de\/index.php?rest_route=\/wp\/v2\/posts"}],"about":[{"href":"https:\/\/www.vadib.de\/index.php?rest_route=\/wp\/v2\/types\/post"}],"author":[{"embeddable":true,"href":"https:\/\/www.vadib.de\/index.php?rest_route=\/wp\/v2\/users\/1"}],"replies":[{"embeddable":true,"href":"https:\/\/www.vadib.de\/index.php?rest_route=%2Fwp%2Fv2%2Fcomments&post=3516"}],"version-history":[{"count":6,"href":"https:\/\/www.vadib.de\/index.php?rest_route=\/wp\/v2\/posts\/3516\/revisions"}],"predecessor-version":[{"id":3526,"href":"https:\/\/www.vadib.de\/index.php?rest_route=\/wp\/v2\/posts\/3516\/revisions\/3526"}],"wp:attachment":[{"href":"https:\/\/www.vadib.de\/index.php?rest_route=%2Fwp%2Fv2%2Fmedia&parent=3516"}],"wp:term":[{"taxonomy":"category","embeddable":true,"href":"https:\/\/www.vadib.de\/index.php?rest_route=%2Fwp%2Fv2%2Fcategories&post=3516"},{"taxonomy":"post_tag","embeddable":true,"href":"https:\/\/www.vadib.de\/index.php?rest_route=%2Fwp%2Fv2%2Ftags&post=3516"}],"curies":[{"name":"wp","href":"https:\/\/api.w.org\/{rel}","templated":true}]}}