{"id":28411,"date":"2026-08-31T16:04:46","date_gmt":"2026-08-31T14:04:46","guid":{"rendered":"https:\/\/www.vadib.de\/?p=28411"},"modified":"2026-08-31T16:04:47","modified_gmt":"2026-08-31T14:04:47","slug":"foerderinstrument-teilhabe-am-arbeitsmarkt-3","status":"publish","type":"post","link":"https:\/\/www.vadib.de\/?p=28411","title":{"rendered":"F\u00f6rderinstrument \u201eTeilhabe am Arbeitsmarkt\u201c"},"content":{"rendered":"\n<figure class=\"wp-block-image size-full is-resized\"><img loading=\"lazy\" decoding=\"async\" width=\"463\" height=\"131\" src=\"https:\/\/www.vadib.de\/wp-content\/uploads\/2021\/02\/Logo_IAB.png\" alt=\"\" class=\"wp-image-9384\" style=\"width:252px;height:auto\"\/><\/figure>\n\n\n\n<p class=\"wp-block-paragraph\">Auf Basis der Befragung \u201eLebensqualit\u00e4t und Teilhabe\u201c liegen erstmals Informationen \u00fcber TaAM-Gef\u00f6rderte vor, die die maximale F\u00f6rderdauer von f\u00fcnf Jahren durchlaufen haben. Es zeigt sich, dass eine direkte \u00dcbernahme in ungef\u00f6rderte Besch\u00e4ftigung bei Aussch\u00f6pfung der maximalen F\u00f6rderdauer signifikant h\u00e4ufiger gelingt.<\/p>\n\n\n\n<p class=\"wp-block-paragraph\"><a href=\"https:\/\/iab-forum.de\/graphs\/foerderinstrument-teilhabe-am-arbeitsmarkt-81-prozent-der-gefoerderten-die-vom-betrieb-uebernommen-werden-wurden-ueber-die-maximale-dauer-gefoerdert\/\">Beitrag lesen<\/a><\/p>\n","protected":false},"excerpt":{"rendered":"<p>Auf Basis der Befragung \u201eLebensqualit\u00e4t und Teilhabe\u201c liegen erstmals Informationen \u00fcber TaAM-Gef\u00f6rderte vor, die die maximale F\u00f6rderdauer von f\u00fcnf Jahren durchlaufen haben. Es zeigt sich, dass eine direkte \u00dcbernahme in ungef\u00f6rderte Besch\u00e4ftigung bei Aussch\u00f6pfung der maximalen F\u00f6rderdauer signifikant h\u00e4ufiger gelingt. Beitrag lesen<\/p>\n","protected":false},"author":1,"featured_media":0,"comment_status":"closed","ping_status":"closed","sticky":false,"template":"","format":"standard","meta":{"footnotes":""},"categories":[1],"tags":[],"class_list":["post-28411","post","type-post","status-publish","format-standard","hentry","category-allgemein"],"_links":{"self":[{"href":"https:\/\/www.vadib.de\/index.php?rest_route=\/wp\/v2\/posts\/28411","targetHints":{"allow":["GET"]}}],"collection":[{"href":"https:\/\/www.vadib.de\/index.php?rest_route=\/wp\/v2\/posts"}],"about":[{"href":"https:\/\/www.vadib.de\/index.php?rest_route=\/wp\/v2\/types\/post"}],"author":[{"embeddable":true,"href":"https:\/\/www.vadib.de\/index.php?rest_route=\/wp\/v2\/users\/1"}],"replies":[{"embeddable":true,"href":"https:\/\/www.vadib.de\/index.php?rest_route=%2Fwp%2Fv2%2Fcomments&post=28411"}],"version-history":[{"count":1,"href":"https:\/\/www.vadib.de\/index.php?rest_route=\/wp\/v2\/posts\/28411\/revisions"}],"predecessor-version":[{"id":28412,"href":"https:\/\/www.vadib.de\/index.php?rest_route=\/wp\/v2\/posts\/28411\/revisions\/28412"}],"wp:attachment":[{"href":"https:\/\/www.vadib.de\/index.php?rest_route=%2Fwp%2Fv2%2Fmedia&parent=28411"}],"wp:term":[{"taxonomy":"category","embeddable":true,"href":"https:\/\/www.vadib.de\/index.php?rest_route=%2Fwp%2Fv2%2Fcategories&post=28411"},{"taxonomy":"post_tag","embeddable":true,"href":"https:\/\/www.vadib.de\/index.php?rest_route=%2Fwp%2Fv2%2Ftags&post=28411"}],"curies":[{"name":"wp","href":"https:\/\/api.w.org\/{rel}","templated":true}]}}