{"id":28392,"date":"2026-08-28T13:16:22","date_gmt":"2026-08-28T11:16:22","guid":{"rendered":"https:\/\/www.vadib.de\/?p=28392"},"modified":"2026-08-28T13:22:49","modified_gmt":"2026-08-28T11:22:49","slug":"arbeitsmarkt-im-oktober-2023-2-2-2-2-2-2-2-3-2-3-2-2-3-2-3-2-2-3-2-2-3-2-3-2-3-3-2-2-3-2-2-2-3-2","status":"publish","type":"post","link":"https:\/\/www.vadib.de\/?p=28392","title":{"rendered":"Arbeitsmarkt im August 2026"},"content":{"rendered":"\n<figure class=\"wp-block-image size-full is-resized\"><img loading=\"lazy\" decoding=\"async\" width=\"493\" height=\"102\" src=\"https:\/\/www.vadib.de\/wp-content\/uploads\/2024\/07\/Logo_Bundesgantur-fuer-Arbeit.png\" alt=\"\" class=\"wp-image-20160\" style=\"width:173px;height:auto\" srcset=\"https:\/\/www.vadib.de\/wp-content\/uploads\/2024\/07\/Logo_Bundesgantur-fuer-Arbeit.png 493w, https:\/\/www.vadib.de\/wp-content\/uploads\/2024\/07\/Logo_Bundesgantur-fuer-Arbeit-300x62.png 300w\" sizes=\"auto, (max-width: 493px) 100vw, 493px\" \/><\/figure>\n\n\n\n<p class=\"wp-block-paragraph\">\u201eAuch im August zeigt sich am Arbeitsmarkt jenseits des saison\u00fcblichen Musters wenig Dynamik. Damit setzt sich die verhaltene Entwicklung der vergangenen Monate fort\u201c, sagte die Vorstandsvorsitzende der Bundesagentur f\u00fcr Arbeit (BA), <strong>Andrea Nahles<\/strong>, heute anl\u00e4sslich der monatlichen Pressekonferenz in N\u00fcrnberg.<\/p>\n\n\n\n<p class=\"wp-block-paragraph\"><a href=\"https:\/\/www.arbeitsagentur.de\/presse\/2026-31-arbeitsmarkt-im-august-2026\">Mitteilung lesen<\/a><br><a href=\"https:\/\/statistik.arbeitsagentur.de\/Statistikdaten\/Detail\/202608\/arbeitsmarktberichte\/monatsbericht-monatsbericht\/monatsbericht-d-0-202608-pdf.pdf?__blob=publicationFile&amp;v=2\">Monatsbericht zum Arbeits- und Ausbildungsmarkt lesen<\/a><br><a href=\"https:\/\/web.arbeitsagentur.de\/dxp\/mautic-statistik\/r\/87254923e9b67f62c244c46c3?ct=YTo2OntzOjY6InNvdXJjZSI7YToyOntpOjA7czo1OiJlbWFpbCI7aToxO2k6NDMwO31zOjU6ImVtYWlsIjtpOjQzMDtzOjQ6InN0YXQiO3M6MjI6IjZhOTE1YWUzMDFhOTMzMzYzNzI0MTgiO3M6OToic2VudF90aW1lIjtpOjE3ODc5MTA4ODM7czo0OiJsZWFkIjtzOjU6IjcxODM1IjtzOjc6ImNoYW5uZWwiO2E6MTp7czo1OiJlbWFpbCI7aTo0MzA7fX0%3D&amp;\">Bericht &#8222;Geringf\u00fcgige Besch\u00e4ftigung in Deutschland&#8220; lesen<\/a><\/p>\n","protected":false},"excerpt":{"rendered":"<p>\u201eAuch im August zeigt sich am Arbeitsmarkt jenseits des saison\u00fcblichen Musters wenig Dynamik. Damit setzt sich die verhaltene Entwicklung der vergangenen Monate fort\u201c, sagte die Vorstandsvorsitzende der Bundesagentur f\u00fcr Arbeit (BA), Andrea Nahles, heute anl\u00e4sslich der monatlichen Pressekonferenz in N\u00fcrnberg. Mitteilung lesenMonatsbericht zum Arbeits- und Ausbildungsmarkt lesenBericht &#8222;Geringf\u00fcgige Besch\u00e4ftigung in Deutschland&#8220; lesen<\/p>\n","protected":false},"author":1,"featured_media":0,"comment_status":"closed","ping_status":"closed","sticky":false,"template":"","format":"standard","meta":{"footnotes":""},"categories":[1],"tags":[],"class_list":["post-28392","post","type-post","status-publish","format-standard","hentry","category-allgemein"],"_links":{"self":[{"href":"https:\/\/www.vadib.de\/index.php?rest_route=\/wp\/v2\/posts\/28392","targetHints":{"allow":["GET"]}}],"collection":[{"href":"https:\/\/www.vadib.de\/index.php?rest_route=\/wp\/v2\/posts"}],"about":[{"href":"https:\/\/www.vadib.de\/index.php?rest_route=\/wp\/v2\/types\/post"}],"author":[{"embeddable":true,"href":"https:\/\/www.vadib.de\/index.php?rest_route=\/wp\/v2\/users\/1"}],"replies":[{"embeddable":true,"href":"https:\/\/www.vadib.de\/index.php?rest_route=%2Fwp%2Fv2%2Fcomments&post=28392"}],"version-history":[{"count":2,"href":"https:\/\/www.vadib.de\/index.php?rest_route=\/wp\/v2\/posts\/28392\/revisions"}],"predecessor-version":[{"id":28397,"href":"https:\/\/www.vadib.de\/index.php?rest_route=\/wp\/v2\/posts\/28392\/revisions\/28397"}],"wp:attachment":[{"href":"https:\/\/www.vadib.de\/index.php?rest_route=%2Fwp%2Fv2%2Fmedia&parent=28392"}],"wp:term":[{"taxonomy":"category","embeddable":true,"href":"https:\/\/www.vadib.de\/index.php?rest_route=%2Fwp%2Fv2%2Fcategories&post=28392"},{"taxonomy":"post_tag","embeddable":true,"href":"https:\/\/www.vadib.de\/index.php?rest_route=%2Fwp%2Fv2%2Ftags&post=28392"}],"curies":[{"name":"wp","href":"https:\/\/api.w.org\/{rel}","templated":true}]}}