{"id":28371,"date":"2026-08-27T09:23:17","date_gmt":"2026-08-27T07:23:17","guid":{"rendered":"https:\/\/www.vadib.de\/?p=28371"},"modified":"2026-08-27T09:23:18","modified_gmt":"2026-08-27T07:23:18","slug":"22-millionen-menschen-in-deutschland-sind-befristet-beschaeftigt-2-2-2-2-2-3","status":"publish","type":"post","link":"https:\/\/www.vadib.de\/?p=28371","title":{"rendered":"Reall\u00f6hne im 2.\u00a0Quartal\u00a02026 um 1,5\u00a0% h\u00f6her als im Vorjahresquartal"},"content":{"rendered":"\n<figure class=\"wp-block-image size-full is-resized\"><img loading=\"lazy\" decoding=\"async\" width=\"469\" height=\"144\" src=\"https:\/\/www.vadib.de\/wp-content\/uploads\/2021\/03\/Logo_DESTATIS.png\" alt=\"\" class=\"wp-image-9434\" style=\"width:157px;height:auto\"\/><\/figure>\n\n\n\n<p class=\"wp-block-paragraph\">Betrachtet man die Vollzeitbesch\u00e4ftigten nach ihrer Verdienstgr\u00f6\u00dfenklasse, hatte das F\u00fcnftel mit den geringsten Verdiensten im 2. Quartal 2026 mit einem durchschnittlichen Nominallohnwachstum von 6,7 % wiederholt die st\u00e4rksten Verdienststeigerungen im Vergleich zum Vorjahresquartal.<\/p>\n\n\n\n<p class=\"wp-block-paragraph\"><a href=\"https:\/\/www.destatis.de\/DE\/Presse\/Pressemitteilungen\/2026\/08\/PD26_308_62321.html\">Mitteilung lesen<\/a><\/p>\n","protected":false},"excerpt":{"rendered":"<p>Betrachtet man die Vollzeitbesch\u00e4ftigten nach ihrer Verdienstgr\u00f6\u00dfenklasse, hatte das F\u00fcnftel mit den geringsten Verdiensten im 2. Quartal 2026 mit einem durchschnittlichen Nominallohnwachstum von 6,7 % wiederholt die st\u00e4rksten Verdienststeigerungen im Vergleich zum Vorjahresquartal. Mitteilung lesen<\/p>\n","protected":false},"author":1,"featured_media":0,"comment_status":"closed","ping_status":"closed","sticky":false,"template":"","format":"standard","meta":{"footnotes":""},"categories":[1],"tags":[],"class_list":["post-28371","post","type-post","status-publish","format-standard","hentry","category-allgemein"],"_links":{"self":[{"href":"https:\/\/www.vadib.de\/index.php?rest_route=\/wp\/v2\/posts\/28371","targetHints":{"allow":["GET"]}}],"collection":[{"href":"https:\/\/www.vadib.de\/index.php?rest_route=\/wp\/v2\/posts"}],"about":[{"href":"https:\/\/www.vadib.de\/index.php?rest_route=\/wp\/v2\/types\/post"}],"author":[{"embeddable":true,"href":"https:\/\/www.vadib.de\/index.php?rest_route=\/wp\/v2\/users\/1"}],"replies":[{"embeddable":true,"href":"https:\/\/www.vadib.de\/index.php?rest_route=%2Fwp%2Fv2%2Fcomments&post=28371"}],"version-history":[{"count":2,"href":"https:\/\/www.vadib.de\/index.php?rest_route=\/wp\/v2\/posts\/28371\/revisions"}],"predecessor-version":[{"id":28373,"href":"https:\/\/www.vadib.de\/index.php?rest_route=\/wp\/v2\/posts\/28371\/revisions\/28373"}],"wp:attachment":[{"href":"https:\/\/www.vadib.de\/index.php?rest_route=%2Fwp%2Fv2%2Fmedia&parent=28371"}],"wp:term":[{"taxonomy":"category","embeddable":true,"href":"https:\/\/www.vadib.de\/index.php?rest_route=%2Fwp%2Fv2%2Fcategories&post=28371"},{"taxonomy":"post_tag","embeddable":true,"href":"https:\/\/www.vadib.de\/index.php?rest_route=%2Fwp%2Fv2%2Ftags&post=28371"}],"curies":[{"name":"wp","href":"https:\/\/api.w.org\/{rel}","templated":true}]}}