{"id":28358,"date":"2026-08-25T13:09:41","date_gmt":"2026-08-25T11:09:41","guid":{"rendered":"https:\/\/www.vadib.de\/?p=28358"},"modified":"2026-08-25T13:09:42","modified_gmt":"2026-08-25T11:09:42","slug":"22-millionen-menschen-in-deutschland-sind-befristet-beschaeftigt-2-2-2-2-2","status":"publish","type":"post","link":"https:\/\/www.vadib.de\/?p=28358","title":{"rendered":"26\u00a0% der neuen Auszubildenden hatten 2025 Abitur"},"content":{"rendered":"\n<figure class=\"wp-block-image size-full is-resized\"><img loading=\"lazy\" decoding=\"async\" width=\"469\" height=\"144\" src=\"https:\/\/www.vadib.de\/wp-content\/uploads\/2021\/03\/Logo_DESTATIS.png\" alt=\"\" class=\"wp-image-9434\" style=\"width:157px;height:auto\"\/><\/figure>\n\n\n\n<p class=\"wp-block-paragraph\">Der Gro\u00dfteil (43 %) der Auszubildenden verf\u00fcgte im letzten Jahr bei Vertragsabschluss \u00fcber einen Mittleren Schulabschluss wie zum Beispiel einen Realschulabschluss. Im Vergleich zu 2015 nahm ihr Anteil um einen Prozentpunkt zu. Mit einem Ersten Schulabschluss etwa von einer Hauptschule begannen 23 % der Auszubildenden ihre Ausbildung.<\/p>\n\n\n\n<p class=\"wp-block-paragraph\"><a href=\"https:\/\/www.destatis.de\/DE\/Presse\/Pressemitteilungen\/Zahl-der-Woche\/2026\/PD26_35_p002.html\">Mitteilung lesen<\/a><\/p>\n","protected":false},"excerpt":{"rendered":"<p>Der Gro\u00dfteil (43 %) der Auszubildenden verf\u00fcgte im letzten Jahr bei Vertragsabschluss \u00fcber einen Mittleren Schulabschluss wie zum Beispiel einen Realschulabschluss. Im Vergleich zu 2015 nahm ihr Anteil um einen Prozentpunkt zu. Mit einem Ersten Schulabschluss etwa von einer Hauptschule begannen 23 % der Auszubildenden ihre Ausbildung. Mitteilung lesen<\/p>\n","protected":false},"author":1,"featured_media":0,"comment_status":"closed","ping_status":"closed","sticky":false,"template":"","format":"standard","meta":{"footnotes":""},"categories":[1],"tags":[],"class_list":["post-28358","post","type-post","status-publish","format-standard","hentry","category-allgemein"],"_links":{"self":[{"href":"https:\/\/www.vadib.de\/index.php?rest_route=\/wp\/v2\/posts\/28358","targetHints":{"allow":["GET"]}}],"collection":[{"href":"https:\/\/www.vadib.de\/index.php?rest_route=\/wp\/v2\/posts"}],"about":[{"href":"https:\/\/www.vadib.de\/index.php?rest_route=\/wp\/v2\/types\/post"}],"author":[{"embeddable":true,"href":"https:\/\/www.vadib.de\/index.php?rest_route=\/wp\/v2\/users\/1"}],"replies":[{"embeddable":true,"href":"https:\/\/www.vadib.de\/index.php?rest_route=%2Fwp%2Fv2%2Fcomments&post=28358"}],"version-history":[{"count":1,"href":"https:\/\/www.vadib.de\/index.php?rest_route=\/wp\/v2\/posts\/28358\/revisions"}],"predecessor-version":[{"id":28359,"href":"https:\/\/www.vadib.de\/index.php?rest_route=\/wp\/v2\/posts\/28358\/revisions\/28359"}],"wp:attachment":[{"href":"https:\/\/www.vadib.de\/index.php?rest_route=%2Fwp%2Fv2%2Fmedia&parent=28358"}],"wp:term":[{"taxonomy":"category","embeddable":true,"href":"https:\/\/www.vadib.de\/index.php?rest_route=%2Fwp%2Fv2%2Fcategories&post=28358"},{"taxonomy":"post_tag","embeddable":true,"href":"https:\/\/www.vadib.de\/index.php?rest_route=%2Fwp%2Fv2%2Ftags&post=28358"}],"curies":[{"name":"wp","href":"https:\/\/api.w.org\/{rel}","templated":true}]}}