{"id":2752,"date":"2018-11-17T16:04:24","date_gmt":"2018-11-17T15:04:24","guid":{"rendered":"https:\/\/www.vadib.de\/?p=2752"},"modified":"2018-11-17T16:04:24","modified_gmt":"2018-11-17T15:04:24","slug":"paritaetisches-jahresgutachten-2","status":"publish","type":"post","link":"https:\/\/www.vadib.de\/?p=2752","title":{"rendered":"Parit\u00e4tischer begr\u00fc\u00dft \u00dcberlegungen von Nahles und Heil zu Hartz IV"},"content":{"rendered":"<p><img loading=\"lazy\" decoding=\"async\" class=\"alignleft wp-image-2037\" src=\"https:\/\/www.vadib.de\/wp-content\/uploads\/2018\/08\/Logo-Parit\u00e4tischer-Gesamtverband-300x93.png\" alt=\"\" width=\"140\" height=\"43\" \/>Ausdr\u00fccklich unterst\u00fctzt der <em>Parit\u00e4tische Wohlfahrtsverband<\/em> die \u00dcberlegungen von SPD-Partei- und Fraktionsvorsitzender Andrea Nahles und Arbeitsminister Hubertus Heil zur \u00dcberwindung von Hartz IV.<\/p>\n<p><a href=\"https:\/\/www.der-paritaetische.de\/presse\/hartz-iv-paritaetischer-begruesst-ueberlegungen-von-nahles-und-heil\/\" target=\"_blank\" rel=\"noopener\">Pressemitteilung lesen<\/a><\/p>\n","protected":false},"excerpt":{"rendered":"<p>Ausdr\u00fccklich unterst\u00fctzt der Parit\u00e4tische Wohlfahrtsverband die \u00dcberlegungen von SPD-Partei- und Fraktionsvorsitzender Andrea Nahles und Arbeitsminister Hubertus Heil zur \u00dcberwindung von Hartz IV. Pressemitteilung lesen<\/p>\n","protected":false},"author":1,"featured_media":0,"comment_status":"open","ping_status":"closed","sticky":false,"template":"","format":"standard","meta":{"footnotes":""},"categories":[1],"tags":[],"class_list":["post-2752","post","type-post","status-publish","format-standard","hentry","category-allgemein"],"_links":{"self":[{"href":"https:\/\/www.vadib.de\/index.php?rest_route=\/wp\/v2\/posts\/2752","targetHints":{"allow":["GET"]}}],"collection":[{"href":"https:\/\/www.vadib.de\/index.php?rest_route=\/wp\/v2\/posts"}],"about":[{"href":"https:\/\/www.vadib.de\/index.php?rest_route=\/wp\/v2\/types\/post"}],"author":[{"embeddable":true,"href":"https:\/\/www.vadib.de\/index.php?rest_route=\/wp\/v2\/users\/1"}],"replies":[{"embeddable":true,"href":"https:\/\/www.vadib.de\/index.php?rest_route=%2Fwp%2Fv2%2Fcomments&post=2752"}],"version-history":[{"count":2,"href":"https:\/\/www.vadib.de\/index.php?rest_route=\/wp\/v2\/posts\/2752\/revisions"}],"predecessor-version":[{"id":2754,"href":"https:\/\/www.vadib.de\/index.php?rest_route=\/wp\/v2\/posts\/2752\/revisions\/2754"}],"wp:attachment":[{"href":"https:\/\/www.vadib.de\/index.php?rest_route=%2Fwp%2Fv2%2Fmedia&parent=2752"}],"wp:term":[{"taxonomy":"category","embeddable":true,"href":"https:\/\/www.vadib.de\/index.php?rest_route=%2Fwp%2Fv2%2Fcategories&post=2752"},{"taxonomy":"post_tag","embeddable":true,"href":"https:\/\/www.vadib.de\/index.php?rest_route=%2Fwp%2Fv2%2Ftags&post=2752"}],"curies":[{"name":"wp","href":"https:\/\/api.w.org\/{rel}","templated":true}]}}