{"id":2736,"date":"2018-11-16T07:52:17","date_gmt":"2018-11-16T06:52:17","guid":{"rendered":"https:\/\/www.vadib.de\/?p=2736"},"modified":"2018-11-16T12:57:34","modified_gmt":"2018-11-16T11:57:34","slug":"garantiesicherung-ohne-zwang","status":"publish","type":"post","link":"https:\/\/www.vadib.de\/?p=2736","title":{"rendered":"&#8222;Garantiesicherung&#8220; ohne Zwang?"},"content":{"rendered":"<p><img loading=\"lazy\" decoding=\"async\" class=\"alignleft wp-image-2738\" src=\"https:\/\/www.vadib.de\/wp-content\/uploads\/2018\/11\/Logo_Tagesschau-300x79.jpg\" alt=\"\" width=\"130\" height=\"34\" srcset=\"https:\/\/www.vadib.de\/wp-content\/uploads\/2018\/11\/Logo_Tagesschau-300x79.jpg 300w, https:\/\/www.vadib.de\/wp-content\/uploads\/2018\/11\/Logo_Tagesschau.jpg 439w\" sizes=\"auto, (max-width: 130px) 100vw, 130px\" \/>Gr\u00fcnen-Chef Habeck schl\u00e4gt in der Debatte um die Zukunft von Hartz IV eine grundlegend neue &#8222;Garantiesicherung&#8220; vor. Zw\u00e4nge und Sanktionen w\u00fcrden dann entfallen. Aus SPD\u00a0und FDP\u00a0kam bereits Kritik an dem Vorsto\u00df.<\/p>\n<p><a href=\"https:\/\/www.tagesschau.de\/inland\/gruene-hartz-iv-101.html\" target=\"_blank\" rel=\"noopener\">Beitrag lesen<\/a><\/p>\n<p><a href=\"https:\/\/www.tagesschau.de\/multimedia\/video\/video-471637~_origin-1c126fc9-099f-457f-8f0f-4e02e2e1a181.html\" target=\"_blank\" rel=\"noopener\">Interview im Morgenmagazin anschauen<\/a><\/p>\n","protected":false},"excerpt":{"rendered":"<p>Gr\u00fcnen-Chef Habeck schl\u00e4gt in der Debatte um die Zukunft von Hartz IV eine grundlegend neue &#8222;Garantiesicherung&#8220; vor. Zw\u00e4nge und Sanktionen w\u00fcrden dann entfallen. Aus SPD\u00a0und FDP\u00a0kam bereits Kritik an dem Vorsto\u00df. Beitrag lesen Interview im Morgenmagazin anschauen<\/p>\n","protected":false},"author":1,"featured_media":0,"comment_status":"open","ping_status":"closed","sticky":false,"template":"","format":"standard","meta":{"footnotes":""},"categories":[1],"tags":[],"class_list":["post-2736","post","type-post","status-publish","format-standard","hentry","category-allgemein"],"_links":{"self":[{"href":"https:\/\/www.vadib.de\/index.php?rest_route=\/wp\/v2\/posts\/2736","targetHints":{"allow":["GET"]}}],"collection":[{"href":"https:\/\/www.vadib.de\/index.php?rest_route=\/wp\/v2\/posts"}],"about":[{"href":"https:\/\/www.vadib.de\/index.php?rest_route=\/wp\/v2\/types\/post"}],"author":[{"embeddable":true,"href":"https:\/\/www.vadib.de\/index.php?rest_route=\/wp\/v2\/users\/1"}],"replies":[{"embeddable":true,"href":"https:\/\/www.vadib.de\/index.php?rest_route=%2Fwp%2Fv2%2Fcomments&post=2736"}],"version-history":[{"count":3,"href":"https:\/\/www.vadib.de\/index.php?rest_route=\/wp\/v2\/posts\/2736\/revisions"}],"predecessor-version":[{"id":2741,"href":"https:\/\/www.vadib.de\/index.php?rest_route=\/wp\/v2\/posts\/2736\/revisions\/2741"}],"wp:attachment":[{"href":"https:\/\/www.vadib.de\/index.php?rest_route=%2Fwp%2Fv2%2Fmedia&parent=2736"}],"wp:term":[{"taxonomy":"category","embeddable":true,"href":"https:\/\/www.vadib.de\/index.php?rest_route=%2Fwp%2Fv2%2Fcategories&post=2736"},{"taxonomy":"post_tag","embeddable":true,"href":"https:\/\/www.vadib.de\/index.php?rest_route=%2Fwp%2Fv2%2Ftags&post=2736"}],"curies":[{"name":"wp","href":"https:\/\/api.w.org\/{rel}","templated":true}]}}