{"id":2646,"date":"2018-11-06T16:30:09","date_gmt":"2018-11-06T15:30:09","guid":{"rendered":"https:\/\/www.vadib.de\/?p=2646"},"modified":"2018-11-13T19:15:55","modified_gmt":"2018-11-13T18:15:55","slug":"broschuere-perspektiven-eroeffnen-sozialen-aufstieg-ermoeglichen-schutz-staerken-2-2-2-2-2-2","status":"publish","type":"post","link":"https:\/\/www.vadib.de\/?p=2646","title":{"rendered":"Tarifl\u00f6hne auch f\u00fcr sozialen Arbeitsmarkt"},"content":{"rendered":"<p><img loading=\"lazy\" decoding=\"async\" class=\"alignleft wp-image-793\" src=\"https:\/\/www.vadib.de\/wp-content\/uploads\/2017\/10\/DGB.jpg\" alt=\"\" width=\"120\" height=\"87\" \/>Mit dem &#8222;Teilhabechancengesetz&#8220; will die Bundesregierung Langzeitarbeitslosen neue Job-Perspektiven er\u00f6ffnen. Ein sozialer Arbeitsmarkt soll ihnen gef\u00f6rderte Stellen in Unternehmen, sozialen Einrichtungen oder St\u00e4dten und Gemeinden erm\u00f6glichen. Die F\u00f6rderung sollte sich bisher allerdings nicht an Tarifl\u00f6hnen, sondern am Mindestlohn orientieren. Doch jetzt setzt die Koalition eine Forderung der Gewerkschaften um, teilt der DGB mit.<\/p>\n<p><a href=\"http:\/\/www.dgb.de\/themen\/++co++06a077c8-e116-11e8-8951-52540088cada\" target=\"_blank\" rel=\"noopener\">Beitrag lesen<\/a><\/p>\n<p><a href=\"http:\/\/www.dgb.de\/downloadcenter\/++co++29896382-dcf5-11e8-b6c7-52540088cada\" target=\"_blank\" rel=\"noopener\">DGB-Stellungnahme zum sozialen Arbeitsmarkt<\/a><\/p>\n","protected":false},"excerpt":{"rendered":"<p>Mit dem &#8222;Teilhabechancengesetz&#8220; will die Bundesregierung Langzeitarbeitslosen neue Job-Perspektiven er\u00f6ffnen. Ein sozialer Arbeitsmarkt soll ihnen gef\u00f6rderte Stellen in Unternehmen, sozialen Einrichtungen oder St\u00e4dten und Gemeinden erm\u00f6glichen. Die F\u00f6rderung sollte sich bisher allerdings nicht an Tarifl\u00f6hnen, sondern am Mindestlohn orientieren. Doch jetzt setzt die Koalition eine Forderung der Gewerkschaften um, teilt der DGB mit. Beitrag lesen &hellip; <\/p>\n<p class=\"link-more\"><a href=\"https:\/\/www.vadib.de\/?p=2646\" class=\"more-link\"><span class=\"screen-reader-text\">\u201eTarifl\u00f6hne auch f\u00fcr sozialen Arbeitsmarkt\u201c <\/span>weiterlesen<\/a><\/p>\n","protected":false},"author":1,"featured_media":0,"comment_status":"open","ping_status":"closed","sticky":false,"template":"","format":"standard","meta":{"footnotes":""},"categories":[1],"tags":[],"class_list":["post-2646","post","type-post","status-publish","format-standard","hentry","category-allgemein"],"_links":{"self":[{"href":"https:\/\/www.vadib.de\/index.php?rest_route=\/wp\/v2\/posts\/2646","targetHints":{"allow":["GET"]}}],"collection":[{"href":"https:\/\/www.vadib.de\/index.php?rest_route=\/wp\/v2\/posts"}],"about":[{"href":"https:\/\/www.vadib.de\/index.php?rest_route=\/wp\/v2\/types\/post"}],"author":[{"embeddable":true,"href":"https:\/\/www.vadib.de\/index.php?rest_route=\/wp\/v2\/users\/1"}],"replies":[{"embeddable":true,"href":"https:\/\/www.vadib.de\/index.php?rest_route=%2Fwp%2Fv2%2Fcomments&post=2646"}],"version-history":[{"count":3,"href":"https:\/\/www.vadib.de\/index.php?rest_route=\/wp\/v2\/posts\/2646\/revisions"}],"predecessor-version":[{"id":2699,"href":"https:\/\/www.vadib.de\/index.php?rest_route=\/wp\/v2\/posts\/2646\/revisions\/2699"}],"wp:attachment":[{"href":"https:\/\/www.vadib.de\/index.php?rest_route=%2Fwp%2Fv2%2Fmedia&parent=2646"}],"wp:term":[{"taxonomy":"category","embeddable":true,"href":"https:\/\/www.vadib.de\/index.php?rest_route=%2Fwp%2Fv2%2Fcategories&post=2646"},{"taxonomy":"post_tag","embeddable":true,"href":"https:\/\/www.vadib.de\/index.php?rest_route=%2Fwp%2Fv2%2Ftags&post=2646"}],"curies":[{"name":"wp","href":"https:\/\/api.w.org\/{rel}","templated":true}]}}