{"id":2639,"date":"2018-11-06T16:08:49","date_gmt":"2018-11-06T15:08:49","guid":{"rendered":"https:\/\/www.vadib.de\/?p=2639"},"modified":"2018-11-08T16:15:31","modified_gmt":"2018-11-08T15:15:31","slug":"positionspapier-chancen-auf-teilhabe-fuer-langzeitarbeitslose-2-2-2-2","status":"publish","type":"post","link":"https:\/\/www.vadib.de\/?p=2639","title":{"rendered":"Stellungnahme zur Anh\u00f6rung zum Teilhabechancengesetz im Bundestagsausschuss f\u00fcr Arbeit und Soziales"},"content":{"rendered":"<p><img loading=\"lazy\" decoding=\"async\" class=\"alignleft wp-image-1808\" src=\"https:\/\/www.vadib.de\/wp-content\/uploads\/2018\/06\/Logo_Bundesnetzwerk-300x133.png\" alt=\"\" width=\"150\" height=\"66\" \/>das <em>Bundesnetzwerkes f\u00fcr Arbeit und Soziale Teilhabe<\/em> hat zur parlamentarischen Anh\u00f6rung zum Teilhabechancengesetz am 05.11.2018 im Bundestagsausschuss f\u00fcr Arbeit und Soziales Stellung bezogen.<\/p>\n<p><a href=\"https:\/\/www.vadib.de\/wp-content\/uploads\/2018\/11\/Stellungnahme-des-Bundesnetzwerkes-fu\u0308r-Arbeit-und-Soziale-Teilhabe_181106.pdf\" target=\"_blank\" rel=\"noopener\">Stellungnahme lesen<\/a><\/p>\n","protected":false},"excerpt":{"rendered":"<p>das Bundesnetzwerkes f\u00fcr Arbeit und Soziale Teilhabe hat zur parlamentarischen Anh\u00f6rung zum Teilhabechancengesetz am 05.11.2018 im Bundestagsausschuss f\u00fcr Arbeit und Soziales Stellung bezogen. Stellungnahme lesen<\/p>\n","protected":false},"author":1,"featured_media":0,"comment_status":"open","ping_status":"closed","sticky":false,"template":"","format":"standard","meta":{"footnotes":""},"categories":[1],"tags":[],"class_list":["post-2639","post","type-post","status-publish","format-standard","hentry","category-allgemein"],"_links":{"self":[{"href":"https:\/\/www.vadib.de\/index.php?rest_route=\/wp\/v2\/posts\/2639","targetHints":{"allow":["GET"]}}],"collection":[{"href":"https:\/\/www.vadib.de\/index.php?rest_route=\/wp\/v2\/posts"}],"about":[{"href":"https:\/\/www.vadib.de\/index.php?rest_route=\/wp\/v2\/types\/post"}],"author":[{"embeddable":true,"href":"https:\/\/www.vadib.de\/index.php?rest_route=\/wp\/v2\/users\/1"}],"replies":[{"embeddable":true,"href":"https:\/\/www.vadib.de\/index.php?rest_route=%2Fwp%2Fv2%2Fcomments&post=2639"}],"version-history":[{"count":5,"href":"https:\/\/www.vadib.de\/index.php?rest_route=\/wp\/v2\/posts\/2639\/revisions"}],"predecessor-version":[{"id":2645,"href":"https:\/\/www.vadib.de\/index.php?rest_route=\/wp\/v2\/posts\/2639\/revisions\/2645"}],"wp:attachment":[{"href":"https:\/\/www.vadib.de\/index.php?rest_route=%2Fwp%2Fv2%2Fmedia&parent=2639"}],"wp:term":[{"taxonomy":"category","embeddable":true,"href":"https:\/\/www.vadib.de\/index.php?rest_route=%2Fwp%2Fv2%2Fcategories&post=2639"},{"taxonomy":"post_tag","embeddable":true,"href":"https:\/\/www.vadib.de\/index.php?rest_route=%2Fwp%2Fv2%2Ftags&post=2639"}],"curies":[{"name":"wp","href":"https:\/\/api.w.org\/{rel}","templated":true}]}}