{"id":2607,"date":"2018-11-06T15:32:04","date_gmt":"2018-11-06T14:32:04","guid":{"rendered":"https:\/\/www.vadib.de\/?p=2607"},"modified":"2018-11-06T15:32:04","modified_gmt":"2018-11-06T14:32:04","slug":"arbeitsuchende-arbeitslose-erwerbsfaehige-leistungsberechtigte-laendervergleich-dezember-2017-3-2-2-2-3-3-3-2-4-2-3-2-2","status":"publish","type":"post","link":"https:\/\/www.vadib.de\/?p=2607","title":{"rendered":"Bundesprogramm &#8222;Soziale Teilhabe am Arbeitsmarkt&#8220; in Hamburg, Bremen und Berlin"},"content":{"rendered":"<p><img loading=\"lazy\" decoding=\"async\" class=\"alignleft wp-image-867\" src=\"https:\/\/www.vadib.de\/wp-content\/uploads\/2017\/11\/BIAJ_Logo-300x97.jpg\" alt=\"\" width=\"140\" height=\"45\" srcset=\"https:\/\/www.vadib.de\/wp-content\/uploads\/2017\/11\/BIAJ_Logo-300x97.jpg 300w, https:\/\/www.vadib.de\/wp-content\/uploads\/2017\/11\/BIAJ_Logo.jpg 354w\" sizes=\"auto, (max-width: 140px) 100vw, 140px\" \/>Ein\u00a0 Blick auf das\u00a0Bundesprogramm \u201eSoziale Teilhabe am Arbeitsmarkt\u201c\u00a0in den L\u00e4ndern\u00a0Hamburg, Bremen und Berlin\u00a0in 2017 und 2018 zeigt: Von\u00a0Oktober 2017 bis September 2018 wurden durchschnittlich 275 (HH), 296 (HB) bzw. 988 (BE) sozialversicherungspflichtig Besch\u00e4ftigte pro Monat gef\u00f6rdert.<\/p>\n<p>Hochgerechnet auf die im Koalitionsvertrag von CDU\/CSU und SPD genannte \u201eBeteiligung von 150.000 Menschen\u201c am \u201eArbeitsmarkt f\u00fcr alle\u201c durch das neue \u201eunb\u00fcrokratische(s) Regelinstrument&#8220;<span style=\"font-size: 1rem;\">\u00a0<\/span><span style=\"font-size: 1rem;\">SGB II<\/span><span style=\"font-size: 1rem;\">\u00a0\u00a7 16i (das das Bundesprogramm abl\u00f6sen soll) erg\u00e4ben sich Bruttoausgaben in H\u00f6he zwischen knapp 1,9 Milliarden Euro (\u201eHamburg-Niveau\u201c) und 2,3 Milliarden Euro (\u201eBerlin-Niveau\u201c) pro Jahr, errechnet das\u00a0Bremer Institut f\u00fcr Arbeitsmarktforschung und Jugendberufshilfe (BIAJ).<\/span><\/p>\n<p>Die im Koalitionsvertrag angek\u00fcndigte \u201eBeteiligung von bis zu 150.000 Menschen\u201c zum \u201ePreis von einer Milliarde Euro pro Jahr\u201c und einem sog. \u201ePassiv-Aktiv-Transfer\u201c kann also gar nicht aufgehen. Demnach\u00a0 k\u00f6nnten nur etwa die H\u00e4lfte der Pl\u00e4tze mit dem\u00a0Regelinstrument&#8220;<span style=\"font-size: 1rem;\">\u00a0<\/span><span style=\"font-size: 1rem;\">SGB II<\/span><span style=\"font-size: 1rem;\">\u00a0\u00a7 16i<\/span> geschaffen werden.<\/p>\n<p><a href=\"http:\/\/www.biaj.de\/archiv-kurzmitteilungen\/1152-bundesprogramm-soziale-teilhabe-am-arbeitsmarkt-in-hamburg-bremen-und-berlin-ausgaben-und-beschaeftigte.html\" target=\"_blank\" rel=\"noopener\">Beitrag lesen<\/a><\/p>\n","protected":false},"excerpt":{"rendered":"<p>Ein\u00a0 Blick auf das\u00a0Bundesprogramm \u201eSoziale Teilhabe am Arbeitsmarkt\u201c\u00a0in den L\u00e4ndern\u00a0Hamburg, Bremen und Berlin\u00a0in 2017 und 2018 zeigt: Von\u00a0Oktober 2017 bis September 2018 wurden durchschnittlich 275 (HH), 296 (HB) bzw. 988 (BE) sozialversicherungspflichtig Besch\u00e4ftigte pro Monat gef\u00f6rdert. Hochgerechnet auf die im Koalitionsvertrag von CDU\/CSU und SPD genannte \u201eBeteiligung von 150.000 Menschen\u201c am \u201eArbeitsmarkt f\u00fcr alle\u201c durch &hellip; <\/p>\n<p class=\"link-more\"><a href=\"https:\/\/www.vadib.de\/?p=2607\" class=\"more-link\"><span class=\"screen-reader-text\">\u201eBundesprogramm &#8222;Soziale Teilhabe am Arbeitsmarkt&#8220; in Hamburg, Bremen und Berlin\u201c <\/span>weiterlesen<\/a><\/p>\n","protected":false},"author":1,"featured_media":0,"comment_status":"open","ping_status":"closed","sticky":false,"template":"","format":"standard","meta":{"footnotes":""},"categories":[1],"tags":[],"class_list":["post-2607","post","type-post","status-publish","format-standard","hentry","category-allgemein"],"_links":{"self":[{"href":"https:\/\/www.vadib.de\/index.php?rest_route=\/wp\/v2\/posts\/2607","targetHints":{"allow":["GET"]}}],"collection":[{"href":"https:\/\/www.vadib.de\/index.php?rest_route=\/wp\/v2\/posts"}],"about":[{"href":"https:\/\/www.vadib.de\/index.php?rest_route=\/wp\/v2\/types\/post"}],"author":[{"embeddable":true,"href":"https:\/\/www.vadib.de\/index.php?rest_route=\/wp\/v2\/users\/1"}],"replies":[{"embeddable":true,"href":"https:\/\/www.vadib.de\/index.php?rest_route=%2Fwp%2Fv2%2Fcomments&post=2607"}],"version-history":[{"count":8,"href":"https:\/\/www.vadib.de\/index.php?rest_route=\/wp\/v2\/posts\/2607\/revisions"}],"predecessor-version":[{"id":2615,"href":"https:\/\/www.vadib.de\/index.php?rest_route=\/wp\/v2\/posts\/2607\/revisions\/2615"}],"wp:attachment":[{"href":"https:\/\/www.vadib.de\/index.php?rest_route=%2Fwp%2Fv2%2Fmedia&parent=2607"}],"wp:term":[{"taxonomy":"category","embeddable":true,"href":"https:\/\/www.vadib.de\/index.php?rest_route=%2Fwp%2Fv2%2Fcategories&post=2607"},{"taxonomy":"post_tag","embeddable":true,"href":"https:\/\/www.vadib.de\/index.php?rest_route=%2Fwp%2Fv2%2Ftags&post=2607"}],"curies":[{"name":"wp","href":"https:\/\/api.w.org\/{rel}","templated":true}]}}