{"id":25928,"date":"2025-12-23T08:54:01","date_gmt":"2025-12-23T07:54:01","guid":{"rendered":"https:\/\/www.vadib.de\/?p=25928"},"modified":"2025-12-23T08:56:12","modified_gmt":"2025-12-23T07:56:12","slug":"grundsicherung-kommunale-jobcenter-integrieren-seltener-in-arbeit","status":"publish","type":"post","link":"https:\/\/www.vadib.de\/?p=25928","title":{"rendered":"Grundsicherung: Kommunale Jobcenter integrieren seltener in Arbeit"},"content":{"rendered":"\n<figure class=\"wp-block-image size-full is-resized\"><img loading=\"lazy\" decoding=\"async\" width=\"495\" height=\"102\" src=\"https:\/\/www.vadib.de\/wp-content\/uploads\/2019\/05\/Logo_IW.png\" alt=\"\" class=\"wp-image-4633\" style=\"width:159px;height:auto\"\/><\/figure>\n\n\n\n<p>Jobcenter in alleiniger kommunaler Tr\u00e4gerschaft integrieren Hilfeempf\u00e4nger seltener in sozialversicherungspflichtige Besch\u00e4ftigung als vergleichbare Jobcenter, die gemeinsam von Arbeitsagentur und Kommune betrieben werden. Damit best\u00e4tigen sich Befunde fr\u00fcherer Untersuchungen. <em>Anmerkung des S\u00e4zzers: Alles ein Dreht\u00fcreffekt? Schnell in Arbeit und schnell wieder raus?<\/em><\/p>\n\n\n\n<p><a href=\"https:\/\/www.iwkoeln.de\/studien\/holger-schaefer-stefanie-seele-kommunale-jobcenter-integrieren-seltener-in-arbeit.html\">Beitrag lesen<\/a><\/p>\n","protected":false},"excerpt":{"rendered":"<p>Jobcenter in alleiniger kommunaler Tr\u00e4gerschaft integrieren Hilfeempf\u00e4nger seltener in sozialversicherungspflichtige Besch\u00e4ftigung als vergleichbare Jobcenter, die gemeinsam von Arbeitsagentur und Kommune betrieben werden. Damit best\u00e4tigen sich Befunde fr\u00fcherer Untersuchungen. Anmerkung des S\u00e4zzers: Alles ein Dreht\u00fcreffekt? Schnell in Arbeit und schnell wieder raus? Beitrag lesen<\/p>\n","protected":false},"author":1,"featured_media":0,"comment_status":"closed","ping_status":"closed","sticky":false,"template":"","format":"standard","meta":{"footnotes":""},"categories":[1],"tags":[],"class_list":["post-25928","post","type-post","status-publish","format-standard","hentry","category-allgemein"],"_links":{"self":[{"href":"https:\/\/www.vadib.de\/index.php?rest_route=\/wp\/v2\/posts\/25928","targetHints":{"allow":["GET"]}}],"collection":[{"href":"https:\/\/www.vadib.de\/index.php?rest_route=\/wp\/v2\/posts"}],"about":[{"href":"https:\/\/www.vadib.de\/index.php?rest_route=\/wp\/v2\/types\/post"}],"author":[{"embeddable":true,"href":"https:\/\/www.vadib.de\/index.php?rest_route=\/wp\/v2\/users\/1"}],"replies":[{"embeddable":true,"href":"https:\/\/www.vadib.de\/index.php?rest_route=%2Fwp%2Fv2%2Fcomments&post=25928"}],"version-history":[{"count":2,"href":"https:\/\/www.vadib.de\/index.php?rest_route=\/wp\/v2\/posts\/25928\/revisions"}],"predecessor-version":[{"id":25931,"href":"https:\/\/www.vadib.de\/index.php?rest_route=\/wp\/v2\/posts\/25928\/revisions\/25931"}],"wp:attachment":[{"href":"https:\/\/www.vadib.de\/index.php?rest_route=%2Fwp%2Fv2%2Fmedia&parent=25928"}],"wp:term":[{"taxonomy":"category","embeddable":true,"href":"https:\/\/www.vadib.de\/index.php?rest_route=%2Fwp%2Fv2%2Fcategories&post=25928"},{"taxonomy":"post_tag","embeddable":true,"href":"https:\/\/www.vadib.de\/index.php?rest_route=%2Fwp%2Fv2%2Ftags&post=25928"}],"curies":[{"name":"wp","href":"https:\/\/api.w.org\/{rel}","templated":true}]}}