{"id":24761,"date":"2025-09-24T11:15:39","date_gmt":"2025-09-24T09:15:39","guid":{"rendered":"https:\/\/www.vadib.de\/?p=24761"},"modified":"2025-09-24T11:22:18","modified_gmt":"2025-09-24T09:22:18","slug":"buergergeld-ausgaben-von-2010-bis-august-2025","status":"publish","type":"post","link":"https:\/\/www.vadib.de\/?p=24761","title":{"rendered":"B\u00fcrgergeld-Ausgaben (SGB II) von 2010 bis August 2025"},"content":{"rendered":"\n<figure class=\"wp-block-image size-full is-resized\"><img loading=\"lazy\" decoding=\"async\" width=\"222\" height=\"73\" src=\"https:\/\/www.vadib.de\/wp-content\/uploads\/2018\/12\/Logo_BIAJ.png\" alt=\"\" class=\"wp-image-3226\" style=\"width:163px;height:auto\"\/><\/figure>\n\n\n\n<p>Die geringf\u00fcgigen nominalen Mehrausgaben resultieren aus\u00adschlie\u00dflich aus dem Anstieg der Sozialversicherungsbeitr\u00e4ge. Das hei\u00dft, die Nettoausgaben f\u00fcr das \u201eB\u00fcrgergeld\u201c (Ausgaben ohne Sozialversicherungsbeitr\u00e4ge) sind von Januar bis Ausgaben 2025 im Vergleich zum entsprechenden Vorjahreszeitraum deutlich gesunken.<\/p>\n\n\n\n<p><a href=\"https:\/\/biaj.de\/archiv-materialien\/2132-arbeitslosengeld-ii-sozialgeld-und-buergergeld-ausgaben-von-2010-bis-august-2025.html\">Beitrag lesen<\/a><\/p>\n","protected":false},"excerpt":{"rendered":"<p>Die geringf\u00fcgigen nominalen Mehrausgaben resultieren aus\u00adschlie\u00dflich aus dem Anstieg der Sozialversicherungsbeitr\u00e4ge. Das hei\u00dft, die Nettoausgaben f\u00fcr das \u201eB\u00fcrgergeld\u201c (Ausgaben ohne Sozialversicherungsbeitr\u00e4ge) sind von Januar bis Ausgaben 2025 im Vergleich zum entsprechenden Vorjahreszeitraum deutlich gesunken. Beitrag lesen<\/p>\n","protected":false},"author":1,"featured_media":0,"comment_status":"closed","ping_status":"closed","sticky":false,"template":"","format":"standard","meta":{"footnotes":""},"categories":[1],"tags":[],"class_list":["post-24761","post","type-post","status-publish","format-standard","hentry","category-allgemein"],"_links":{"self":[{"href":"https:\/\/www.vadib.de\/index.php?rest_route=\/wp\/v2\/posts\/24761","targetHints":{"allow":["GET"]}}],"collection":[{"href":"https:\/\/www.vadib.de\/index.php?rest_route=\/wp\/v2\/posts"}],"about":[{"href":"https:\/\/www.vadib.de\/index.php?rest_route=\/wp\/v2\/types\/post"}],"author":[{"embeddable":true,"href":"https:\/\/www.vadib.de\/index.php?rest_route=\/wp\/v2\/users\/1"}],"replies":[{"embeddable":true,"href":"https:\/\/www.vadib.de\/index.php?rest_route=%2Fwp%2Fv2%2Fcomments&post=24761"}],"version-history":[{"count":2,"href":"https:\/\/www.vadib.de\/index.php?rest_route=\/wp\/v2\/posts\/24761\/revisions"}],"predecessor-version":[{"id":24769,"href":"https:\/\/www.vadib.de\/index.php?rest_route=\/wp\/v2\/posts\/24761\/revisions\/24769"}],"wp:attachment":[{"href":"https:\/\/www.vadib.de\/index.php?rest_route=%2Fwp%2Fv2%2Fmedia&parent=24761"}],"wp:term":[{"taxonomy":"category","embeddable":true,"href":"https:\/\/www.vadib.de\/index.php?rest_route=%2Fwp%2Fv2%2Fcategories&post=24761"},{"taxonomy":"post_tag","embeddable":true,"href":"https:\/\/www.vadib.de\/index.php?rest_route=%2Fwp%2Fv2%2Ftags&post=24761"}],"curies":[{"name":"wp","href":"https:\/\/api.w.org\/{rel}","templated":true}]}}