{"id":24753,"date":"2025-09-24T09:25:07","date_gmt":"2025-09-24T07:25:07","guid":{"rendered":"https:\/\/www.vadib.de\/?p=24753"},"modified":"2025-09-24T10:53:07","modified_gmt":"2025-09-24T08:53:07","slug":"arbeitsmarktstrategie-2025-2027-des-landes-bremen","status":"publish","type":"post","link":"https:\/\/www.vadib.de\/?p=24753","title":{"rendered":"Arbeitsmarktstrategie 2025\u22122027 des Landes Bremen"},"content":{"rendered":"\n<figure class=\"wp-block-image size-full is-resized\"><img loading=\"lazy\" decoding=\"async\" width=\"308\" height=\"164\" src=\"https:\/\/www.vadib.de\/wp-content\/uploads\/2025\/08\/Logo_GRUeNE.png\" alt=\"\" class=\"wp-image-24357\" style=\"width:111px;height:auto\" srcset=\"https:\/\/www.vadib.de\/wp-content\/uploads\/2025\/08\/Logo_GRUeNE.png 308w, https:\/\/www.vadib.de\/wp-content\/uploads\/2025\/08\/Logo_GRUeNE-300x160.png 300w\" sizes=\"auto, (max-width: 308px) 100vw, 308px\" \/><\/figure>\n\n\n\n<p>Insbesondere langzeiterwerbslose Personen, Alleinerziehende und Frauen mit Migrationsbiografie k\u00f6nnen damit gut erreicht und in Arbeitsmarkt gef\u00f6rdert werden. Die Priorisierung der zielgruppenspezifischen F\u00f6rderma\u00dfnahmen f\u00fcr diese Menschen sichert ihnen auch in Zukunft wichtige Unterst\u00fctzung.&#8220;Das sagte <strong>Henrike M\u00fcller, arbeitsmarktpolitische Sprecherin der Gr\u00fcnen in der Bremischen B\u00fcrgerschaft<\/strong>, zur <a href=\"https:\/\/sd.bremische-buergerschaft.de\/sdnetrim\/UGhVM0hpd2NXNFdFcExjZYoKjvg_lV4Ryt9DQg_Vkaei7_4Hq0HNY2asvsfUAsqb\/TOP_II.3_-L-_Arbeitsmarktstrategie_2025_bis_2027_Anlage.pdf\" target=\"_blank\" rel=\"noreferrer noopener\">Arbeitsmarktstrategie 2025\u22122027<\/a> des Landes Bremen.<\/p>\n\n\n\n<p><a href=\"https:\/\/www.gruene-fraktion-bremen.de\/presse\/pressemitteilungen\/arbeitsmarktstrategie-2025-2027-klare-zielgruppenfoerderung-gesichert\/?0=&amp;cHash=62ae24ca1dfdc00eccace8165f0661f6\">Mitteilung lesen<\/a><\/p>\n","protected":false},"excerpt":{"rendered":"<p>Insbesondere langzeiterwerbslose Personen, Alleinerziehende und Frauen mit Migrationsbiografie k\u00f6nnen damit gut erreicht und in Arbeitsmarkt gef\u00f6rdert werden. Die Priorisierung der zielgruppenspezifischen F\u00f6rderma\u00dfnahmen f\u00fcr diese Menschen sichert ihnen auch in Zukunft wichtige Unterst\u00fctzung.&#8220;Das sagte Henrike M\u00fcller, arbeitsmarktpolitische Sprecherin der Gr\u00fcnen in der Bremischen B\u00fcrgerschaft, zur Arbeitsmarktstrategie 2025\u22122027 des Landes Bremen. Mitteilung lesen<\/p>\n","protected":false},"author":1,"featured_media":0,"comment_status":"closed","ping_status":"closed","sticky":false,"template":"","format":"standard","meta":{"footnotes":""},"categories":[1],"tags":[],"class_list":["post-24753","post","type-post","status-publish","format-standard","hentry","category-allgemein"],"_links":{"self":[{"href":"https:\/\/www.vadib.de\/index.php?rest_route=\/wp\/v2\/posts\/24753","targetHints":{"allow":["GET"]}}],"collection":[{"href":"https:\/\/www.vadib.de\/index.php?rest_route=\/wp\/v2\/posts"}],"about":[{"href":"https:\/\/www.vadib.de\/index.php?rest_route=\/wp\/v2\/types\/post"}],"author":[{"embeddable":true,"href":"https:\/\/www.vadib.de\/index.php?rest_route=\/wp\/v2\/users\/1"}],"replies":[{"embeddable":true,"href":"https:\/\/www.vadib.de\/index.php?rest_route=%2Fwp%2Fv2%2Fcomments&post=24753"}],"version-history":[{"count":3,"href":"https:\/\/www.vadib.de\/index.php?rest_route=\/wp\/v2\/posts\/24753\/revisions"}],"predecessor-version":[{"id":24760,"href":"https:\/\/www.vadib.de\/index.php?rest_route=\/wp\/v2\/posts\/24753\/revisions\/24760"}],"wp:attachment":[{"href":"https:\/\/www.vadib.de\/index.php?rest_route=%2Fwp%2Fv2%2Fmedia&parent=24753"}],"wp:term":[{"taxonomy":"category","embeddable":true,"href":"https:\/\/www.vadib.de\/index.php?rest_route=%2Fwp%2Fv2%2Fcategories&post=24753"},{"taxonomy":"post_tag","embeddable":true,"href":"https:\/\/www.vadib.de\/index.php?rest_route=%2Fwp%2Fv2%2Ftags&post=24753"}],"curies":[{"name":"wp","href":"https:\/\/api.w.org\/{rel}","templated":true}]}}